{"id":1229,"date":"2015-05-01T11:25:31","date_gmt":"2015-05-01T09:25:31","guid":{"rendered":"https:\/\/www.absolventenakademie.at\/?p=1229"},"modified":"2015-11-25T09:46:47","modified_gmt":"2015-11-25T08:46:47","slug":"2-jahre-absolventenakademie-wir-feiern-geburtstag-und-ihr-koennt-gewinnen","status":"publish","type":"post","link":"https:\/\/www.absolventenakademie.at\/index.php\/2-jahre-absolventenakademie-wir-feiern-geburtstag-und-ihr-koennt-gewinnen\/","title":{"rendered":"2 Jahre ABSOLVENTENAKADEMIE &#8211; Wir feiern Geburtstag und ihr k\u00f6nnt gewinnen!"},"content":{"rendered":"<p><strong>Nicht nur die Queen feiert im sch\u00f6nen April Geburtstag, auch die ABSOLVENTENAKADEMIE darf sich zu den gl\u00fccklichen Geburtstagskindern z\u00e4hlen! Als kleines Geburtstagsgeschenk und Dankesch\u00f6n f\u00fcr die Treue verlosen wir auf unserer <a href=\"https:\/\/www.facebook.com\/AbsolventenakademieWien?ref=hl\">Facebook<\/a>-Seite ein 45-Min\u00fctiges Einzeltraining zum Thema <a href=\"https:\/\/www.absolventenakademie.at\/wp-cms\/wp-content\/uploads\/2015\/05\/Einzeltraining.pdf\">\u201eZeit f\u00fcr Mich &#8211; F\u00fcr das Leben, das ich wirklich will\u201c &#8211; Vorbeischauen und gewinnen!<\/a><\/strong><\/p>\n<p><center><\/center>Der Geburtstag ist in jedem Leben eines Menschen ein besonderer Tag. Manche zelebrieren diesen Tag mit einem gro\u00dfen Fest mit Freunden oder im Familienkreis. Manche n\u00fctzen diesen Tag um sich Zeit f\u00fcr sich zu nehmen und zur\u00fcckzublicken, was man erreicht hat und vielleicht noch erreichen m\u00f6chte!<\/p>\n<p>Auch wir, <a href=\"https:\/\/www.absolventenakademie.at\/uber-uns\/unser-team\/\">Ren\u00e9 Merten und Lisa Janisch<\/a>, haben uns am Geburtstag der ABSOLVENTENAKADEMIE zusammengesetzt und uns bewusst gemacht, was wir in den letzten beiden Jahren f\u00fcr sch\u00f6ne Erinnerungen in der ABSOLVENTENAKADEMIE gesammelt haben: Von der Anlieferung des ersten Flipcharts, dass wir zusammen aufgebaut haben, \u00fcber die ersten Kurse, die fr\u00f6hlichen Lacher unseren TeilnehmerInnen, die mutig ihre eigenen Grenzen \u00fcberschritten haben, bis hin zur ersten Infoveranstaltung, in der wir neue Kurse vorgestellt haben. Wie schnell die Zeit doch vergeht!<\/p>\n<h3>Der Beginn<\/h3>\n<p>Und alles begann mit dem folgenden Satz: \u201e<strong>Wir werden an der Uni auf das Leben danach nicht vorbereitet<\/strong>!\u201c, meinte einst unsere Freundin, die schon seit l\u00e4ngerem auf Jobsuche war. \u201eIm H\u00f6rsaal wurden wir als \u00bb zuk\u00fcnftige F\u00fchrungskr\u00e4fte \u00ab angesprochen. Durften <a href=\"https:\/\/www.absolventenakademie.at\/unser-angebot\/freude-am-entscheiden\/\">Entscheidungen<\/a> treffen. Kennzahlen pr\u00e4sentieren. Heute darf ich schon froh sein, wenn man mich zu einem Gespr\u00e4ch einl\u00e4dt, auch wenn es nur f\u00fcr eine Assistenzstelle ist! Ich muss jetzt irgendwas machen, was mich weiterbringt! Einen <a href=\"https:\/\/www.absolventenakademie.at\/unser-angebot\/meine-fuehrungspersoenlichkeit\/\">F\u00fchrungskurs<\/a>, sodass ich als kompetente F\u00fchrungskraft erscheine! Ich wei\u00df nicht, aber irgendwas muss ich tun.\u201c<\/p>\n<p>Es war ein sehr langer Abend. Die Ziele und Pl\u00e4ne unserer Freundin waren erstrebenswert, aber in Wirklichkeit war sie sich selbst nicht bewusst, ob das ihre eigenen <a href=\"https:\/\/www.absolventenakademie.at\/unser-angebot\/mein-job\/\">berufliche Ziele<\/a> waren oder doch jene der Freunde, der Familie, der Studienkollegen?!<\/p>\n<p>\u201ePr\u00e4sentationstechnik, Sprechtechnik, Mediation,\u2026 das waren alles nette Kurse, aber warum gab es nicht irgendwas, dass mich in den Mittelpunkt stellt? So was wie ein Coaching dar\u00fcber, was ich eigentlich will? Manche meiner Freunde aus meiner Jugendzeit verstehen mich einfach nicht, weil sie nicht studiert haben und bereits im Arbeitsleben Fu\u00df gefasst haben. Die wissen nicht, wie es sich anf\u00fchlt, w\u00e4hrend der Uni noch einen Nebenjob zu haben, damit man irgendwie \u00fcber die Runden kommt, und stellen sich Party machen, Erasmus und langes Ausschlafen vor.\u201c<\/p>\n<h3>Die Idee<\/h3>\n<p>Damals gab es noch kein Institut, dass sich gezielt f\u00fcr Pers\u00f6nlichkeitsentwicklung &#8211; vor allem f\u00fcr frisch gebackene Hochschul-AbsolventInnen &#8211; interessiert hat. Daraus entstand die Idee der ABSOLVENTENAKADEMIE: Wir wollen den jungen AbsolventInnen den Support geben, in dieser Phase weiterzugehen, dranzubleiben, neue Seiten an sich zu entdecken, sich Zeit f\u00fcr sich zu nehmen und vor allem Sie selbst zu bleiben!<\/p>\n<p>Aus diesem Grund m\u00f6chten wir heute vor allem \u201eDanke\u201c sagen: Bei unseren TeilnehmerInnen, PartnerInnen und unserem <a href=\"https:\/\/www.absolventenakademie.at\/uber-uns\/unser-team\/\">Team<\/a> f\u00fcr die tollen 2 Jahre! Wir freuen uns auf viele, viele weitere mit euch!<\/p>\n<p>Ren\u00e9 Merten und Lisa Janisch<\/p>\n","protected":false},"excerpt":{"rendered":"<p>Nicht nur die Queen feiert im sch\u00f6nen April Geburtstag, auch die ABSOLVENTENAKADEMIE darf sich zu den gl\u00fccklichen Geburtstagskindern z\u00e4hlen! Als kleines Geburtstagsgeschenk und Dankesch\u00f6n f\u00fcr die Treue verlosen wir auf unserer Facebook-Seite ein 45-Min\u00fctiges Einzeltraining zum Thema \u201eZeit f\u00fcr Mich &#8211; F\u00fcr das Leben, das ich wirklich will\u201c &#8211; Vorbeischauen und gewinnen! Der Geburtstag ist&#8230; <\/p>\n<div class=\"clear\"><\/div>\n<p><a href=\"https:\/\/www.absolventenakademie.at\/index.php\/2-jahre-absolventenakademie-wir-feiern-geburtstag-und-ihr-koennt-gewinnen\/\" class=\"gdlr-button with-border excerpt-read-more\">Read More<\/a><\/p>\n","protected":false},"author":8,"featured_media":6001,"comment_status":"closed","ping_status":"closed","sticky":false,"template":"","format":"standard","meta":{"footnotes":""},"categories":[77,1],"tags":[],"class_list":["post-1229","post","type-post","status-publish","format-standard","has-post-thumbnail","hentry","category-aktuelles","category-allgemein"],"yoast_head":"<!-- This site is optimized with the Yoast SEO plugin v27.2 - https:\/\/yoast.com\/product\/yoast-seo-wordpress\/ -->\n<title>2 Jahre ABSOLVENTENAKADEMIE - Wir feiern Geburtstag und ihr k\u00f6nnt gewinnen! - ABSOLVENTENAKADEMIE<\/title>\n<meta name=\"robots\" content=\"index, follow, max-snippet:-1, max-image-preview:large, max-video-preview:-1\" \/>\n<link rel=\"canonical\" href=\"https:\/\/www.absolventenakademie.at\/index.php\/2-jahre-absolventenakademie-wir-feiern-geburtstag-und-ihr-koennt-gewinnen\/\" \/>\n<meta property=\"og:locale\" content=\"de_DE\" \/>\n<meta property=\"og:type\" content=\"article\" \/>\n<meta property=\"og:title\" content=\"2 Jahre ABSOLVENTENAKADEMIE - Wir feiern Geburtstag und ihr k\u00f6nnt gewinnen! - ABSOLVENTENAKADEMIE\" \/>\n<meta property=\"og:description\" content=\"Nicht nur die Queen feiert im sch\u00f6nen April Geburtstag, auch die ABSOLVENTENAKADEMIE darf sich zu den gl\u00fccklichen Geburtstagskindern z\u00e4hlen! Als kleines Geburtstagsgeschenk und Dankesch\u00f6n f\u00fcr die Treue verlosen wir auf unserer Facebook-Seite ein 45-Min\u00fctiges Einzeltraining zum Thema \u201eZeit f\u00fcr Mich &#8211; F\u00fcr das Leben, das ich wirklich will\u201c &#8211; Vorbeischauen und gewinnen! Der Geburtstag ist... Read More\" \/>\n<meta property=\"og:url\" content=\"https:\/\/www.absolventenakademie.at\/index.php\/2-jahre-absolventenakademie-wir-feiern-geburtstag-und-ihr-koennt-gewinnen\/\" \/>\n<meta property=\"og:site_name\" content=\"ABSOLVENTENAKADEMIE\" \/>\n<meta property=\"article:publisher\" content=\"https:\/\/www.facebook.com\/AbsolventenakademieWien\" \/>\n<meta property=\"article:published_time\" content=\"2015-05-01T09:25:31+00:00\" \/>\n<meta property=\"article:modified_time\" content=\"2015-11-25T08:46:47+00:00\" \/>\n<meta property=\"og:image\" content=\"https:\/\/www.absolventenakademie.at\/wp-content\/uploads\/2015\/05\/Geburtstag.jpg\" \/>\n\t<meta property=\"og:image:width\" content=\"730\" \/>\n\t<meta property=\"og:image:height\" content=\"320\" \/>\n\t<meta property=\"og:image:type\" content=\"image\/jpeg\" \/>\n<meta name=\"author\" content=\"Lisa Janisch\" \/>\n<meta name=\"twitter:card\" content=\"summary_large_image\" \/>\n<meta name=\"twitter:label1\" content=\"Verfasst von\" \/>\n\t<meta name=\"twitter:data1\" content=\"Lisa Janisch\" \/>\n\t<meta name=\"twitter:label2\" content=\"Gesch\u00e4tzte Lesezeit\" \/>\n\t<meta name=\"twitter:data2\" content=\"3\u00a0Minuten\" \/>\n<script type=\"application\/ld+json\" class=\"yoast-schema-graph\">{\"@context\":\"https:\/\/schema.org\",\"@graph\":[{\"@type\":\"Article\",\"@id\":\"https:\/\/www.absolventenakademie.at\/index.php\/2-jahre-absolventenakademie-wir-feiern-geburtstag-und-ihr-koennt-gewinnen\/#article\",\"isPartOf\":{\"@id\":\"https:\/\/www.absolventenakademie.at\/index.php\/2-jahre-absolventenakademie-wir-feiern-geburtstag-und-ihr-koennt-gewinnen\/\"},\"author\":{\"name\":\"Lisa Janisch\",\"@id\":\"https:\/\/www.absolventenakademie.at\/#\/schema\/person\/64433926b74d95f2b673897fe8814f01\"},\"headline\":\"2 Jahre ABSOLVENTENAKADEMIE &#8211; Wir feiern Geburtstag und ihr k\u00f6nnt gewinnen!\",\"datePublished\":\"2015-05-01T09:25:31+00:00\",\"dateModified\":\"2015-11-25T08:46:47+00:00\",\"mainEntityOfPage\":{\"@id\":\"https:\/\/www.absolventenakademie.at\/index.php\/2-jahre-absolventenakademie-wir-feiern-geburtstag-und-ihr-koennt-gewinnen\/\"},\"wordCount\":533,\"image\":{\"@id\":\"https:\/\/www.absolventenakademie.at\/index.php\/2-jahre-absolventenakademie-wir-feiern-geburtstag-und-ihr-koennt-gewinnen\/#primaryimage\"},\"thumbnailUrl\":\"https:\/\/www.absolventenakademie.at\/wp-content\/uploads\/2015\/05\/Geburtstag.jpg\",\"articleSection\":[\"Aktuelles\"],\"inLanguage\":\"de\"},{\"@type\":\"WebPage\",\"@id\":\"https:\/\/www.absolventenakademie.at\/index.php\/2-jahre-absolventenakademie-wir-feiern-geburtstag-und-ihr-koennt-gewinnen\/\",\"url\":\"https:\/\/www.absolventenakademie.at\/index.php\/2-jahre-absolventenakademie-wir-feiern-geburtstag-und-ihr-koennt-gewinnen\/\",\"name\":\"2 Jahre ABSOLVENTENAKADEMIE - Wir feiern Geburtstag und ihr k\u00f6nnt gewinnen! - ABSOLVENTENAKADEMIE\",\"isPartOf\":{\"@id\":\"https:\/\/www.absolventenakademie.at\/#website\"},\"primaryImageOfPage\":{\"@id\":\"https:\/\/www.absolventenakademie.at\/index.php\/2-jahre-absolventenakademie-wir-feiern-geburtstag-und-ihr-koennt-gewinnen\/#primaryimage\"},\"image\":{\"@id\":\"https:\/\/www.absolventenakademie.at\/index.php\/2-jahre-absolventenakademie-wir-feiern-geburtstag-und-ihr-koennt-gewinnen\/#primaryimage\"},\"thumbnailUrl\":\"https:\/\/www.absolventenakademie.at\/wp-content\/uploads\/2015\/05\/Geburtstag.jpg\",\"datePublished\":\"2015-05-01T09:25:31+00:00\",\"dateModified\":\"2015-11-25T08:46:47+00:00\",\"author\":{\"@id\":\"https:\/\/www.absolventenakademie.at\/#\/schema\/person\/64433926b74d95f2b673897fe8814f01\"},\"breadcrumb\":{\"@id\":\"https:\/\/www.absolventenakademie.at\/index.php\/2-jahre-absolventenakademie-wir-feiern-geburtstag-und-ihr-koennt-gewinnen\/#breadcrumb\"},\"inLanguage\":\"de\",\"potentialAction\":[{\"@type\":\"ReadAction\",\"target\":[\"https:\/\/www.absolventenakademie.at\/index.php\/2-jahre-absolventenakademie-wir-feiern-geburtstag-und-ihr-koennt-gewinnen\/\"]}]},{\"@type\":\"ImageObject\",\"inLanguage\":\"de\",\"@id\":\"https:\/\/www.absolventenakademie.at\/index.php\/2-jahre-absolventenakademie-wir-feiern-geburtstag-und-ihr-koennt-gewinnen\/#primaryimage\",\"url\":\"https:\/\/www.absolventenakademie.at\/wp-content\/uploads\/2015\/05\/Geburtstag.jpg\",\"contentUrl\":\"https:\/\/www.absolventenakademie.at\/wp-content\/uploads\/2015\/05\/Geburtstag.jpg\",\"width\":730,\"height\":320},{\"@type\":\"BreadcrumbList\",\"@id\":\"https:\/\/www.absolventenakademie.at\/index.php\/2-jahre-absolventenakademie-wir-feiern-geburtstag-und-ihr-koennt-gewinnen\/#breadcrumb\",\"itemListElement\":[{\"@type\":\"ListItem\",\"position\":1,\"name\":\"Home\",\"item\":\"https:\/\/www.absolventenakademie.at\/\"},{\"@type\":\"ListItem\",\"position\":2,\"name\":\"2 Jahre ABSOLVENTENAKADEMIE &#8211; Wir feiern Geburtstag und ihr k\u00f6nnt gewinnen!\"}]},{\"@type\":\"WebSite\",\"@id\":\"https:\/\/www.absolventenakademie.at\/#website\",\"url\":\"https:\/\/www.absolventenakademie.at\/\",\"name\":\"ABSOLVENTENAKADEMIE\",\"description\":\"Pers\u00f6nlichkeitsentwicklung f\u00fcr Studierende und Hochschulabsolventen\",\"potentialAction\":[{\"@type\":\"SearchAction\",\"target\":{\"@type\":\"EntryPoint\",\"urlTemplate\":\"https:\/\/www.absolventenakademie.at\/?s={search_term_string}\"},\"query-input\":{\"@type\":\"PropertyValueSpecification\",\"valueRequired\":true,\"valueName\":\"search_term_string\"}}],\"inLanguage\":\"de\"},{\"@type\":\"Person\",\"@id\":\"https:\/\/www.absolventenakademie.at\/#\/schema\/person\/64433926b74d95f2b673897fe8814f01\",\"name\":\"Lisa Janisch\",\"image\":{\"@type\":\"ImageObject\",\"inLanguage\":\"de\",\"@id\":\"https:\/\/secure.gravatar.com\/avatar\/dc76021d935b61a9f4645bd2233005dbe8230026bc548fe40390748ad5c64bcb?s=96&d=mm&r=g\",\"url\":\"https:\/\/secure.gravatar.com\/avatar\/dc76021d935b61a9f4645bd2233005dbe8230026bc548fe40390748ad5c64bcb?s=96&d=mm&r=g\",\"contentUrl\":\"https:\/\/secure.gravatar.com\/avatar\/dc76021d935b61a9f4645bd2233005dbe8230026bc548fe40390748ad5c64bcb?s=96&d=mm&r=g\",\"caption\":\"Lisa Janisch\"},\"description\":\"Leiterin Kommunikation und Trainerin\",\"url\":\"https:\/\/www.absolventenakademie.at\/index.php\/author\/lisa\/\"}]}<\/script>\n<!-- \/ Yoast SEO plugin. -->","yoast_head_json":{"title":"2 Jahre ABSOLVENTENAKADEMIE - Wir feiern Geburtstag und ihr k\u00f6nnt gewinnen! - ABSOLVENTENAKADEMIE","robots":{"index":"index","follow":"follow","max-snippet":"max-snippet:-1","max-image-preview":"max-image-preview:large","max-video-preview":"max-video-preview:-1"},"canonical":"https:\/\/www.absolventenakademie.at\/index.php\/2-jahre-absolventenakademie-wir-feiern-geburtstag-und-ihr-koennt-gewinnen\/","og_locale":"de_DE","og_type":"article","og_title":"2 Jahre ABSOLVENTENAKADEMIE - Wir feiern Geburtstag und ihr k\u00f6nnt gewinnen! - ABSOLVENTENAKADEMIE","og_description":"Nicht nur die Queen feiert im sch\u00f6nen April Geburtstag, auch die ABSOLVENTENAKADEMIE darf sich zu den gl\u00fccklichen Geburtstagskindern z\u00e4hlen! Als kleines Geburtstagsgeschenk und Dankesch\u00f6n f\u00fcr die Treue verlosen wir auf unserer Facebook-Seite ein 45-Min\u00fctiges Einzeltraining zum Thema \u201eZeit f\u00fcr Mich &#8211; F\u00fcr das Leben, das ich wirklich will\u201c &#8211; Vorbeischauen und gewinnen! Der Geburtstag ist... Read More","og_url":"https:\/\/www.absolventenakademie.at\/index.php\/2-jahre-absolventenakademie-wir-feiern-geburtstag-und-ihr-koennt-gewinnen\/","og_site_name":"ABSOLVENTENAKADEMIE","article_publisher":"https:\/\/www.facebook.com\/AbsolventenakademieWien","article_published_time":"2015-05-01T09:25:31+00:00","article_modified_time":"2015-11-25T08:46:47+00:00","og_image":[{"width":730,"height":320,"url":"https:\/\/www.absolventenakademie.at\/wp-content\/uploads\/2015\/05\/Geburtstag.jpg","type":"image\/jpeg"}],"author":"Lisa Janisch","twitter_card":"summary_large_image","twitter_misc":{"Verfasst von":"Lisa Janisch","Gesch\u00e4tzte Lesezeit":"3\u00a0Minuten"},"schema":{"@context":"https:\/\/schema.org","@graph":[{"@type":"Article","@id":"https:\/\/www.absolventenakademie.at\/index.php\/2-jahre-absolventenakademie-wir-feiern-geburtstag-und-ihr-koennt-gewinnen\/#article","isPartOf":{"@id":"https:\/\/www.absolventenakademie.at\/index.php\/2-jahre-absolventenakademie-wir-feiern-geburtstag-und-ihr-koennt-gewinnen\/"},"author":{"name":"Lisa Janisch","@id":"https:\/\/www.absolventenakademie.at\/#\/schema\/person\/64433926b74d95f2b673897fe8814f01"},"headline":"2 Jahre ABSOLVENTENAKADEMIE &#8211; Wir feiern Geburtstag und ihr k\u00f6nnt gewinnen!","datePublished":"2015-05-01T09:25:31+00:00","dateModified":"2015-11-25T08:46:47+00:00","mainEntityOfPage":{"@id":"https:\/\/www.absolventenakademie.at\/index.php\/2-jahre-absolventenakademie-wir-feiern-geburtstag-und-ihr-koennt-gewinnen\/"},"wordCount":533,"image":{"@id":"https:\/\/www.absolventenakademie.at\/index.php\/2-jahre-absolventenakademie-wir-feiern-geburtstag-und-ihr-koennt-gewinnen\/#primaryimage"},"thumbnailUrl":"https:\/\/www.absolventenakademie.at\/wp-content\/uploads\/2015\/05\/Geburtstag.jpg","articleSection":["Aktuelles"],"inLanguage":"de"},{"@type":"WebPage","@id":"https:\/\/www.absolventenakademie.at\/index.php\/2-jahre-absolventenakademie-wir-feiern-geburtstag-und-ihr-koennt-gewinnen\/","url":"https:\/\/www.absolventenakademie.at\/index.php\/2-jahre-absolventenakademie-wir-feiern-geburtstag-und-ihr-koennt-gewinnen\/","name":"2 Jahre ABSOLVENTENAKADEMIE - Wir feiern Geburtstag und ihr k\u00f6nnt gewinnen! - ABSOLVENTENAKADEMIE","isPartOf":{"@id":"https:\/\/www.absolventenakademie.at\/#website"},"primaryImageOfPage":{"@id":"https:\/\/www.absolventenakademie.at\/index.php\/2-jahre-absolventenakademie-wir-feiern-geburtstag-und-ihr-koennt-gewinnen\/#primaryimage"},"image":{"@id":"https:\/\/www.absolventenakademie.at\/index.php\/2-jahre-absolventenakademie-wir-feiern-geburtstag-und-ihr-koennt-gewinnen\/#primaryimage"},"thumbnailUrl":"https:\/\/www.absolventenakademie.at\/wp-content\/uploads\/2015\/05\/Geburtstag.jpg","datePublished":"2015-05-01T09:25:31+00:00","dateModified":"2015-11-25T08:46:47+00:00","author":{"@id":"https:\/\/www.absolventenakademie.at\/#\/schema\/person\/64433926b74d95f2b673897fe8814f01"},"breadcrumb":{"@id":"https:\/\/www.absolventenakademie.at\/index.php\/2-jahre-absolventenakademie-wir-feiern-geburtstag-und-ihr-koennt-gewinnen\/#breadcrumb"},"inLanguage":"de","potentialAction":[{"@type":"ReadAction","target":["https:\/\/www.absolventenakademie.at\/index.php\/2-jahre-absolventenakademie-wir-feiern-geburtstag-und-ihr-koennt-gewinnen\/"]}]},{"@type":"ImageObject","inLanguage":"de","@id":"https:\/\/www.absolventenakademie.at\/index.php\/2-jahre-absolventenakademie-wir-feiern-geburtstag-und-ihr-koennt-gewinnen\/#primaryimage","url":"https:\/\/www.absolventenakademie.at\/wp-content\/uploads\/2015\/05\/Geburtstag.jpg","contentUrl":"https:\/\/www.absolventenakademie.at\/wp-content\/uploads\/2015\/05\/Geburtstag.jpg","width":730,"height":320},{"@type":"BreadcrumbList","@id":"https:\/\/www.absolventenakademie.at\/index.php\/2-jahre-absolventenakademie-wir-feiern-geburtstag-und-ihr-koennt-gewinnen\/#breadcrumb","itemListElement":[{"@type":"ListItem","position":1,"name":"Home","item":"https:\/\/www.absolventenakademie.at\/"},{"@type":"ListItem","position":2,"name":"2 Jahre ABSOLVENTENAKADEMIE &#8211; Wir feiern Geburtstag und ihr k\u00f6nnt gewinnen!"}]},{"@type":"WebSite","@id":"https:\/\/www.absolventenakademie.at\/#website","url":"https:\/\/www.absolventenakademie.at\/","name":"ABSOLVENTENAKADEMIE","description":"Pers\u00f6nlichkeitsentwicklung f\u00fcr Studierende und Hochschulabsolventen","potentialAction":[{"@type":"SearchAction","target":{"@type":"EntryPoint","urlTemplate":"https:\/\/www.absolventenakademie.at\/?s={search_term_string}"},"query-input":{"@type":"PropertyValueSpecification","valueRequired":true,"valueName":"search_term_string"}}],"inLanguage":"de"},{"@type":"Person","@id":"https:\/\/www.absolventenakademie.at\/#\/schema\/person\/64433926b74d95f2b673897fe8814f01","name":"Lisa Janisch","image":{"@type":"ImageObject","inLanguage":"de","@id":"https:\/\/secure.gravatar.com\/avatar\/dc76021d935b61a9f4645bd2233005dbe8230026bc548fe40390748ad5c64bcb?s=96&d=mm&r=g","url":"https:\/\/secure.gravatar.com\/avatar\/dc76021d935b61a9f4645bd2233005dbe8230026bc548fe40390748ad5c64bcb?s=96&d=mm&r=g","contentUrl":"https:\/\/secure.gravatar.com\/avatar\/dc76021d935b61a9f4645bd2233005dbe8230026bc548fe40390748ad5c64bcb?s=96&d=mm&r=g","caption":"Lisa Janisch"},"description":"Leiterin Kommunikation und Trainerin","url":"https:\/\/www.absolventenakademie.at\/index.php\/author\/lisa\/"}]}},"_links":{"self":[{"href":"https:\/\/www.absolventenakademie.at\/index.php\/wp-json\/wp\/v2\/posts\/1229","targetHints":{"allow":["GET"]}}],"collection":[{"href":"https:\/\/www.absolventenakademie.at\/index.php\/wp-json\/wp\/v2\/posts"}],"about":[{"href":"https:\/\/www.absolventenakademie.at\/index.php\/wp-json\/wp\/v2\/types\/post"}],"author":[{"embeddable":true,"href":"https:\/\/www.absolventenakademie.at\/index.php\/wp-json\/wp\/v2\/users\/8"}],"replies":[{"embeddable":true,"href":"https:\/\/www.absolventenakademie.at\/index.php\/wp-json\/wp\/v2\/comments?post=1229"}],"version-history":[{"count":3,"href":"https:\/\/www.absolventenakademie.at\/index.php\/wp-json\/wp\/v2\/posts\/1229\/revisions"}],"predecessor-version":[{"id":6105,"href":"https:\/\/www.absolventenakademie.at\/index.php\/wp-json\/wp\/v2\/posts\/1229\/revisions\/6105"}],"wp:featuredmedia":[{"embeddable":true,"href":"https:\/\/www.absolventenakademie.at\/index.php\/wp-json\/wp\/v2\/media\/6001"}],"wp:attachment":[{"href":"https:\/\/www.absolventenakademie.at\/index.php\/wp-json\/wp\/v2\/media?parent=1229"}],"wp:term":[{"taxonomy":"category","embeddable":true,"href":"https:\/\/www.absolventenakademie.at\/index.php\/wp-json\/wp\/v2\/categories?post=1229"},{"taxonomy":"post_tag","embeddable":true,"href":"https:\/\/www.absolventenakademie.at\/index.php\/wp-json\/wp\/v2\/tags?post=1229"}],"curies":[{"name":"wp","href":"https:\/\/api.w.org\/{rel}","templated":true}]}}