{"id":1247,"date":"2015-05-13T16:10:32","date_gmt":"2015-05-13T14:10:32","guid":{"rendered":"https:\/\/www.absolventenakademie.at\/?p=1247"},"modified":"2015-10-22T16:37:36","modified_gmt":"2015-10-22T14:37:36","slug":"hygge-typisch-daenisch-interview-ueber-karriere-persoenlichen-erfolg-und-lebensplanung","status":"publish","type":"post","link":"https:\/\/www.absolventenakademie.at\/index.php\/hygge-typisch-daenisch-interview-ueber-karriere-persoenlichen-erfolg-und-lebensplanung\/","title":{"rendered":"\u201eHygge\u201c \u2013 typisch d\u00e4nisch? Interview \u00fcber Karriere, pers\u00f6nlichen Erfolg und Lebensplanung"},"content":{"rendered":"<p><em>Im WELTCAF\u00c9, am Montag, den 27.04.2015 treffen wir uns um 11.00 h mit Astrid Thyrsting und Kira Korsgaard Hansen aus D\u00e4nemark. Sie haben das sonnige Wetter aus dem hohen Norden \u2013 so erz\u00e4hlen sie vom Abflug \u2013 ins 26 Grad warme Wien mitgebracht. Der erste Cultural Gap, dem wohl (fast) Jede\/r Nicht-\u00d6sterreicherIn schon einmal ausgesetzt war, passiert Astrid gleich beim Versuch, einen \u201eeinfachen Kaffee mit Milch\u201c zu bestellen \u2013 in der Wiener Kaffeehaustradition quasi ein Ding der Unm\u00f6glichkeit!<\/em><\/p>\n<p><a href=\"https:\/\/www.absolventenakademie.at\/wp-cms\/wp-content\/uploads\/2015\/05\/Intrview-neu.jpg\"><img loading=\"lazy\" decoding=\"async\" class=\"alignnone size-medium wp-image-1248\" src=\"https:\/\/www.absolventenakademie.at\/wp-cms\/wp-content\/uploads\/2015\/05\/Intrview-neu-300x174.jpg\" alt=\"Intrview neu\" width=\"300\" height=\"174\" \/><\/a><\/p>\n<h2>Generation\u2026? \u2013 Zwischen M\u00f6glichkeit und Entscheidung<\/h2>\n<p><b>ABSOLVENTENAKADEMIE:<\/b> Liebe Kira, liebe Astrid! Ihr seid Studierende am <a href=\"http:\/\/saxo.ku.dk\" target=\"_blank\">SAXO-Institut der \u201eK\u00f8benhavns Universitet\u201c<\/a> und befindet Euch gerade auf einer ethnologischen Feldstudie in Wien \u2013 Super, dass ihr Zeit f\u00fcr uns habt!<br \/>\n<b>Astrid:<\/b> Sehr gerne. Unsere Studiengruppe erforscht gerade AuswandererInnen daraufhin, wie sie sich mit \u00d6sterreicherInnen in Wien sozialisieren, wieso sie hergezogen sind und wie deren Alltag ausschaut. Da du selbst als Deutscher seit \u00fcber f\u00fcnf Jahren hier lebst (Anmerkung: gemeint ist der Interviewf\u00fchrer <a href=\"https:\/\/www.absolventenakademie.at\/uber-uns\/unser-team\" target=\"_blank\">Ren\u00e9 Merten<\/a>), trifft sich das doch bestens!<\/p>\n<p><b>ABSOLVENTENAKADEMIE:<\/b> Ihr beide geh\u00f6rt zu denen, die SoziologInnen gerne pauschal der sog. \u201eGen Why\u201c (Generation Y) zurechnen \u2013 Gut ausgebildete Studierende, kosmopolitische Millennials, open minded, individualistische Digital Natives, freiheitsliebend mit eher improvisierter Lebensplanung. Findet Ihr Euch in dieser \u201eKlassifizierung\u201c wieder?<br \/>\n<b>Kira:<\/b> Ich verstehe, wieso wir so gesehen werden, denn wir unternehmen wirklich sehr viel, probieren Einiges aus, sei es in Punkto Studium oder Freizeit wie etwa Reisen. Wir haben jetzt so viele M\u00f6glichkeiten, k\u00f6nnen tun was wir und gehen hin wo wir wollen und m\u00f6chten diese Freiheit nat\u00fcrlich nutzen. Aber es schwingt auch ein gro\u00dfer Druck mit, denn wenn du alles tun kannst, wird auch implizit erwartet, dass es das richtige ist. Manchmal w\u00fcrde ich gerne als Individuum wirklich die Dinge tun, die ich nur f\u00fcr mich selbst tun will, gleichzeitig f\u00fchle ich mich aber verpflichtet, bestimmte Dinge auch f\u00fcr andere zu tun \u2013 F\u00fcr die Gesellschaft, meine Familie oder Freunde und Bekannte.<\/p>\n<p><b>ABSOLVENTENAKADEMIE:<\/b> D.h. Ihr nehmt diese Situation als realen Druck wahr, der auf Euch lastet?<br \/>\n<b>Astrid:<\/b> Oh ja, da ist manchmal echter Druck. Aber dennoch f\u00fchle ich mich frei, da die vielen M\u00f6glichkeiten ja da sind. Du musst aber die Verantwortung f\u00fcr deine <a href=\"https:\/\/www.absolventenakademie.at\/unser-angebot\/freude-am-entscheiden\" target=\"_blank\">Entscheidungen <\/a>\u00fcbernehmen.<br \/>\n<b>ABSOLVENTENAKADEMIE:<\/b> Spielt das Thema \u201e<a href=\"https:\/\/www.absolventenakademie.at\/unser-angebot\/freude-am-entscheiden\" target=\"_blank\">Entscheidungen <\/a>treffen\u201c dabei eine gro\u00dfe Rolle? Wie geht ihr mit (zu vielen) M\u00f6glichkeiten um?<br \/>\n<b>Kira:<\/b> Ich finde, das ist eine der gro\u00dfen Herausforderungen, absolut. Schon in unserem Studiengang \u201eEurop\u00e4ische Ethnologie\u201c sind wir zwei Jahre zuvor zu 70 gestartet und nun gerade noch 40. Es ist eben so, dass man oft etwas beginnt, dann sich aber fragt, ob das wirklich die richtige Wahl war. Man ist oft hin- und hergerissen zwischen den vielen M\u00f6glichkeiten. Ich z.B. f\u00fchle mich gerade wohl mit meiner Studienwahl, war aber auch schon einmal am Zweifeln. Es gibt halt so viele Dinge zu tun, zu entdecken, zu studieren oder kennen zu lernen und man will nichts Wichtiges verpassen.<br \/>\n<b>Astrid:<\/b> Manchmal kann es auch sehr schwierig sein, einfach zu relaxen und die Sachen, die du gerade tust, zu genie\u00dfen. Man denkt dann oft daran, was man Morgen noch machen k\u00f6nnte anstatt <a href=\"https:\/\/www.absolventenakademie.at\/unser-angebot\/zeitreise\" target=\"_blank\">im Moment zu leben<\/a>. Ich denke dann oft an die Unsicherheiten in der Zukunft.<br \/>\n<b>Kira:<\/b> Vielleicht auch deswegen, weil Jede\/r uns dauernd einredet, dass du schnell und erfolgreich studieren musst, einen <a href=\"https:\/\/www.absolventenakademie.at\/unser-angebot\/mein-job\" target=\"_blank\">guten Job <\/a>finden sollst, sogar der Nebenjob w\u00e4hrend des Studiums soll mittlerweile zum Lebenslauf passen, auch wenn du schlicht im Fast-Food-Restaurant bedienst, um das n\u00e4chste Semester zu finanzieren. Daneben werden zus\u00e4tzlich ehrenamtliches Engagement und, und, und&#8230; inzwischen als selbstverst\u00e4ndlich vorausgesetzt.<\/p>\n<h2>Karriere versus Traumjob? \u2013 Die (Un-) Planbarkeit des Lebens<\/h2>\n<p><b>ABSOLVENTENAKADEMIE:<\/b> Steht die Job-Perspektive f\u00fcr Euch zentral im Fokus oder haben Familienplanung, Freizeit, Lebensgl\u00fcck etc. den gleichen Stellenwert \u2013 Gibt es vielleicht eine Hierarchie?<br \/>\n<b>Kira:<\/b> Ich meine, das funktioniert alles nur Hand-in-Hand. Ich denke \u00fcber Studium und Job sehr viel nach, weil ich mir sp\u00e4ter einen Beruf aussuchen m\u00f6chte, den ich gerne aus\u00fcbe, der sich mit meiner Familie vereinbaren l\u00e4sst, und der mich als Teil meines Lebens dieses genie\u00dfen lassen kann. Ohne solch einen Job wird auch der Rest meines Lebens nicht so sein, wie ich es mir vorstelle. Und mein Studium ist ein Weg dorthin.<br \/>\n<b>Astrid:<\/b> Wenn ich in diesem Moment Familie und Freunde im Kopf habe, bin ich gl\u00fccklich und vertraue darauf, dass auch in Zukunft alles gut wird. Erst wenn du mich nach dem <a href=\"https:\/\/www.absolventenakademie.at\/unser-angebot\/mein-job\" target=\"_blank\">zuk\u00fcnftigen Job <\/a>fragst, fange ich an, intensiver dar\u00fcber nachzugr\u00fcbeln. Ich mache mir keine Sorgen dar\u00fcber, dass ich auch sp\u00e4ter tolle Freunde haben werde mit einem tollen Lebenspartner und Kindern, wie ich es mir w\u00fcnsche.<\/p>\n<p><b>ABSOLVENTENAKADEMIE:<\/b> Stresst Euch das Nachdenken \u00fcber Eure <a href=\"https:\/\/www.absolventenakademie.at\/unser-angebot\/mein-job\" target=\"_blank\">berufliche Zukunft<\/a>, weil es aus Eurer Sicht weniger berechenbar erscheint?<br \/>\n<b>Kira:<\/b> Genau \u2013 man kann es nicht wirklich planen.<br \/>\n<b>Astrid:<\/b> Es ver\u00e4ndert sich auch alles so schnell. Es wird erwartet, dass man durchh\u00e4lt und flexibel mit dem Strom mitgeht. Die Momente ziehen dann geradezu an einem vorbei.<br \/>\n<b>ABSOLVENTENAKADEMIE:<\/b> Eure Generation gilt als bildungsaffin. Glaubt Ihr, eine gute Ausbildung, Weiterbildung, Zusatzqualifikationen etc. helfen Euch dabei, auf diese Unsicherheiten besser zu reagieren?<br \/>\n<b>Kira:<\/b> Ich pers\u00f6nlich finde nicht, nein. Der Grund meines Studienbeginns war allein das Interesse daf\u00fcr, nicht um ein h\u00f6heres Bildungsniveau zu erreichen oder so etwas. Ich glaube, du kannst genauso z.B. ein Schmied sein und ebenso einen tollen Job und eine sch\u00f6ne Zukunft haben \u2013 Vielleicht nicht mit so viel Geld, aber trotzdem ein erf\u00fclltes, gl\u00fcckliches Leben.<br \/>\n<b>Astrid:<\/b> Es ist halt die Frage, was du mit deinem sp\u00e4teren Leben anfangen willst. Im Moment haben wir als Studierende ja auch kein riesiges Einkommen, aber trotzdem eine coole Zeit. Deswegen \u00e4rgere ich mich manchmal \u00fcber mich selbst, wenn ich jetzt an die ungewisse berufliche Zukunft Gedanken verschwende.<\/p>\n<h2>Achtsamkeit &#8211; In der Zeit leben<\/h2>\n<p><b>ABSOLVENTENAKADEMIE:<\/b> Unternimmst du etwas gezielt gegen diese abschweifenden Gedanken, um dich auf das <a href=\"https:\/\/www.absolventenakademie.at\/unser-angebot\/zeitreise\" target=\"_blank\">Hier-und-Jetzt fokussieren <\/a>zu k\u00f6nnen, z.B. Meditationstechniken oder Achtsamkeits\u00fcbungen?<br \/>\n<b>Astrid:<\/b> Oh ja, seit ich dieses Jahr mit Yoga begonnen habe, habe ich viel \u00f6fter das Gef\u00fchl, das alles so o.k. ist, wie es ist. Auch ein kurzer Aphorismus oder ein guter Gedanke in einem Zitat unterst\u00fctzt mich manchmal ungemein dabei, meine Mitte zu finden.<br \/>\n<b>Kira:<\/b> Auch miteinander dar\u00fcber zu reden, hilft sehr; FreundInnen zu haben, die zu dir sagen: \u201eKomm\u2018 wieder runter, alles gut, du musst dich nicht so stressen!\u201c<\/p>\n<p><b>ABSOLVENTENAKADEMIE:<\/b> Seid Ihr oft im Zweifel \u00fcber das, was Ihr tut oder seid?<br \/>\n<b>Kira:<\/b> Ich w\u00fcnschte ich k\u00f6nnte sagen, dass ich mich voll und ganz unter Kontrolle habe und meine Handlungen niemals in Frage stelle, aber das w\u00e4re klar gelogen. Es gibt immer Momente \u2013 etwa vor einer schwierigen Uni-Pr\u00fcfung \u2013 in denen man sich fragt, ob man eh genug gelernt hat und den Test meistert. Das passiert gleichfalls bei pers\u00f6nlichen Dingen. Wenn solche Zweifel kommen, sollte man sich aber auf positive Gedanken besinnen. Man muss auch nicht immer der\/die Beste bei allem sein; es gen\u00fcgt vollkommen, mit sich selbst gl\u00fccklich zu sein.<br \/>\n<b>Astrid:<\/b> Schlie\u00dflich hat es das Leben sehr gut bisher gemeint mit uns. Es gibt also gar keinen Grund, st\u00e4ndig zu zweifeln an sich, anstatt Vertrauen zu haben. Ich feiere Samstag erst meinen 24sten Geburtstag und mag das Leben genie\u00dfen.<\/p>\n<p><b>ABSOLVENTENAKADEMIE:<\/b> Geburtstag im sonnigen Wien, was kann sch\u00f6ner sein?! Wir w\u00fcnschen Euch beiden alles Beste f\u00fcr Euer Studienprojekt und Eure pers\u00f6nliche Zukunft. Mit Eurer Einstellung wird sie ganz sicher erfolgreich!<\/p>\n<p><em>(Interview und \u00dcbersetzung: <a href=\"https:\/\/www.absolventenakademie.at\/uber-uns\/unser-team\" target=\"_blank\">Ren\u00e9 Merten<\/a>)<\/em><\/p>\n","protected":false},"excerpt":{"rendered":"<p>Im WELTCAF\u00c9, am Montag, den 27.04.2015 treffen wir uns um 11.00 h mit Astrid Thyrsting und Kira Korsgaard Hansen aus D\u00e4nemark. Sie haben das sonnige Wetter aus dem hohen Norden \u2013 so erz\u00e4hlen sie vom Abflug \u2013 ins 26 Grad warme Wien mitgebracht. Der erste Cultural Gap, dem wohl (fast) Jede\/r Nicht-\u00d6sterreicherIn schon einmal ausgesetzt&#8230; <\/p>\n<div class=\"clear\"><\/div>\n<p><a href=\"https:\/\/www.absolventenakademie.at\/index.php\/hygge-typisch-daenisch-interview-ueber-karriere-persoenlichen-erfolg-und-lebensplanung\/\" class=\"gdlr-button with-border excerpt-read-more\">Read More<\/a><\/p>\n","protected":false},"author":9,"featured_media":5994,"comment_status":"closed","ping_status":"closed","sticky":false,"template":"","format":"standard","meta":{"footnotes":""},"categories":[1,86,74,88],"tags":[],"class_list":["post-1247","post","type-post","status-publish","format-standard","has-post-thumbnail","hentry","category-allgemein","category-job","category-karriere","category-leben"],"yoast_head":"<!-- This site is optimized with the Yoast SEO plugin v27.2 - https:\/\/yoast.com\/product\/yoast-seo-wordpress\/ -->\n<title>\u201eHygge\u201c \u2013 typisch d\u00e4nisch? Interview \u00fcber Karriere, pers\u00f6nlichen Erfolg und Lebensplanung - ABSOLVENTENAKADEMIE<\/title>\n<meta name=\"robots\" content=\"index, follow, max-snippet:-1, max-image-preview:large, max-video-preview:-1\" \/>\n<link rel=\"canonical\" href=\"https:\/\/www.absolventenakademie.at\/index.php\/hygge-typisch-daenisch-interview-ueber-karriere-persoenlichen-erfolg-und-lebensplanung\/\" \/>\n<meta property=\"og:locale\" content=\"de_DE\" \/>\n<meta property=\"og:type\" content=\"article\" \/>\n<meta property=\"og:title\" content=\"\u201eHygge\u201c \u2013 typisch d\u00e4nisch? Interview \u00fcber Karriere, pers\u00f6nlichen Erfolg und Lebensplanung - ABSOLVENTENAKADEMIE\" \/>\n<meta property=\"og:description\" content=\"Im WELTCAF\u00c9, am Montag, den 27.04.2015 treffen wir uns um 11.00 h mit Astrid Thyrsting und Kira Korsgaard Hansen aus D\u00e4nemark. Sie haben das sonnige Wetter aus dem hohen Norden \u2013 so erz\u00e4hlen sie vom Abflug \u2013 ins 26 Grad warme Wien mitgebracht. Der erste Cultural Gap, dem wohl (fast) Jede\/r Nicht-\u00d6sterreicherIn schon einmal ausgesetzt... Read More\" \/>\n<meta property=\"og:url\" content=\"https:\/\/www.absolventenakademie.at\/index.php\/hygge-typisch-daenisch-interview-ueber-karriere-persoenlichen-erfolg-und-lebensplanung\/\" \/>\n<meta property=\"og:site_name\" content=\"ABSOLVENTENAKADEMIE\" \/>\n<meta property=\"article:publisher\" content=\"https:\/\/www.facebook.com\/AbsolventenakademieWien\" \/>\n<meta property=\"article:published_time\" content=\"2015-05-13T14:10:32+00:00\" \/>\n<meta property=\"article:modified_time\" content=\"2015-10-22T14:37:36+00:00\" \/>\n<meta property=\"og:image\" content=\"https:\/\/www.absolventenakademie.at\/wp-content\/uploads\/2015\/05\/copenhagen-527126_1920.jpg\" \/>\n\t<meta property=\"og:image:width\" content=\"1920\" \/>\n\t<meta property=\"og:image:height\" content=\"1280\" \/>\n\t<meta property=\"og:image:type\" content=\"image\/jpeg\" \/>\n<meta name=\"author\" content=\"Ren\u00e9 Merten\" \/>\n<meta name=\"twitter:card\" content=\"summary_large_image\" \/>\n<meta name=\"twitter:label1\" content=\"Verfasst von\" \/>\n\t<meta name=\"twitter:data1\" content=\"Ren\u00e9 Merten\" \/>\n\t<meta name=\"twitter:label2\" content=\"Gesch\u00e4tzte Lesezeit\" \/>\n\t<meta name=\"twitter:data2\" content=\"6\u00a0Minuten\" \/>\n<script type=\"application\/ld+json\" class=\"yoast-schema-graph\">{\"@context\":\"https:\/\/schema.org\",\"@graph\":[{\"@type\":\"Article\",\"@id\":\"https:\/\/www.absolventenakademie.at\/index.php\/hygge-typisch-daenisch-interview-ueber-karriere-persoenlichen-erfolg-und-lebensplanung\/#article\",\"isPartOf\":{\"@id\":\"https:\/\/www.absolventenakademie.at\/index.php\/hygge-typisch-daenisch-interview-ueber-karriere-persoenlichen-erfolg-und-lebensplanung\/\"},\"author\":{\"name\":\"Ren\u00e9 Merten\",\"@id\":\"https:\/\/www.absolventenakademie.at\/#\/schema\/person\/1cabedea516b57a792d8606ae880e074\"},\"headline\":\"\u201eHygge\u201c \u2013 typisch d\u00e4nisch? Interview \u00fcber Karriere, pers\u00f6nlichen Erfolg und Lebensplanung\",\"datePublished\":\"2015-05-13T14:10:32+00:00\",\"dateModified\":\"2015-10-22T14:37:36+00:00\",\"mainEntityOfPage\":{\"@id\":\"https:\/\/www.absolventenakademie.at\/index.php\/hygge-typisch-daenisch-interview-ueber-karriere-persoenlichen-erfolg-und-lebensplanung\/\"},\"wordCount\":1285,\"image\":{\"@id\":\"https:\/\/www.absolventenakademie.at\/index.php\/hygge-typisch-daenisch-interview-ueber-karriere-persoenlichen-erfolg-und-lebensplanung\/#primaryimage\"},\"thumbnailUrl\":\"https:\/\/www.absolventenakademie.at\/wp-content\/uploads\/2015\/05\/copenhagen-527126_1920.jpg\",\"articleSection\":{\"1\":\"Job\",\"2\":\"Karriere\",\"3\":\"Leben\"},\"inLanguage\":\"de\"},{\"@type\":\"WebPage\",\"@id\":\"https:\/\/www.absolventenakademie.at\/index.php\/hygge-typisch-daenisch-interview-ueber-karriere-persoenlichen-erfolg-und-lebensplanung\/\",\"url\":\"https:\/\/www.absolventenakademie.at\/index.php\/hygge-typisch-daenisch-interview-ueber-karriere-persoenlichen-erfolg-und-lebensplanung\/\",\"name\":\"\u201eHygge\u201c \u2013 typisch d\u00e4nisch? Interview \u00fcber Karriere, pers\u00f6nlichen Erfolg und Lebensplanung - ABSOLVENTENAKADEMIE\",\"isPartOf\":{\"@id\":\"https:\/\/www.absolventenakademie.at\/#website\"},\"primaryImageOfPage\":{\"@id\":\"https:\/\/www.absolventenakademie.at\/index.php\/hygge-typisch-daenisch-interview-ueber-karriere-persoenlichen-erfolg-und-lebensplanung\/#primaryimage\"},\"image\":{\"@id\":\"https:\/\/www.absolventenakademie.at\/index.php\/hygge-typisch-daenisch-interview-ueber-karriere-persoenlichen-erfolg-und-lebensplanung\/#primaryimage\"},\"thumbnailUrl\":\"https:\/\/www.absolventenakademie.at\/wp-content\/uploads\/2015\/05\/copenhagen-527126_1920.jpg\",\"datePublished\":\"2015-05-13T14:10:32+00:00\",\"dateModified\":\"2015-10-22T14:37:36+00:00\",\"author\":{\"@id\":\"https:\/\/www.absolventenakademie.at\/#\/schema\/person\/1cabedea516b57a792d8606ae880e074\"},\"breadcrumb\":{\"@id\":\"https:\/\/www.absolventenakademie.at\/index.php\/hygge-typisch-daenisch-interview-ueber-karriere-persoenlichen-erfolg-und-lebensplanung\/#breadcrumb\"},\"inLanguage\":\"de\",\"potentialAction\":[{\"@type\":\"ReadAction\",\"target\":[\"https:\/\/www.absolventenakademie.at\/index.php\/hygge-typisch-daenisch-interview-ueber-karriere-persoenlichen-erfolg-und-lebensplanung\/\"]}]},{\"@type\":\"ImageObject\",\"inLanguage\":\"de\",\"@id\":\"https:\/\/www.absolventenakademie.at\/index.php\/hygge-typisch-daenisch-interview-ueber-karriere-persoenlichen-erfolg-und-lebensplanung\/#primaryimage\",\"url\":\"https:\/\/www.absolventenakademie.at\/wp-content\/uploads\/2015\/05\/copenhagen-527126_1920.jpg\",\"contentUrl\":\"https:\/\/www.absolventenakademie.at\/wp-content\/uploads\/2015\/05\/copenhagen-527126_1920.jpg\",\"width\":1920,\"height\":1280},{\"@type\":\"BreadcrumbList\",\"@id\":\"https:\/\/www.absolventenakademie.at\/index.php\/hygge-typisch-daenisch-interview-ueber-karriere-persoenlichen-erfolg-und-lebensplanung\/#breadcrumb\",\"itemListElement\":[{\"@type\":\"ListItem\",\"position\":1,\"name\":\"Home\",\"item\":\"https:\/\/www.absolventenakademie.at\/\"},{\"@type\":\"ListItem\",\"position\":2,\"name\":\"\u201eHygge\u201c \u2013 typisch d\u00e4nisch? Interview \u00fcber Karriere, pers\u00f6nlichen Erfolg und Lebensplanung\"}]},{\"@type\":\"WebSite\",\"@id\":\"https:\/\/www.absolventenakademie.at\/#website\",\"url\":\"https:\/\/www.absolventenakademie.at\/\",\"name\":\"ABSOLVENTENAKADEMIE\",\"description\":\"Pers\u00f6nlichkeitsentwicklung f\u00fcr Studierende und Hochschulabsolventen\",\"potentialAction\":[{\"@type\":\"SearchAction\",\"target\":{\"@type\":\"EntryPoint\",\"urlTemplate\":\"https:\/\/www.absolventenakademie.at\/?s={search_term_string}\"},\"query-input\":{\"@type\":\"PropertyValueSpecification\",\"valueRequired\":true,\"valueName\":\"search_term_string\"}}],\"inLanguage\":\"de\"},{\"@type\":\"Person\",\"@id\":\"https:\/\/www.absolventenakademie.at\/#\/schema\/person\/1cabedea516b57a792d8606ae880e074\",\"name\":\"Ren\u00e9 Merten\",\"image\":{\"@type\":\"ImageObject\",\"inLanguage\":\"de\",\"@id\":\"https:\/\/secure.gravatar.com\/avatar\/ed266dba4e8ebd7a3c11ab14481f84079775aa25dd4cf33b1e4dfd5b470c033b?s=96&d=mm&r=g\",\"url\":\"https:\/\/secure.gravatar.com\/avatar\/ed266dba4e8ebd7a3c11ab14481f84079775aa25dd4cf33b1e4dfd5b470c033b?s=96&d=mm&r=g\",\"contentUrl\":\"https:\/\/secure.gravatar.com\/avatar\/ed266dba4e8ebd7a3c11ab14481f84079775aa25dd4cf33b1e4dfd5b470c033b?s=96&d=mm&r=g\",\"caption\":\"Ren\u00e9 Merten\"},\"description\":\"Akademischer Leiter, gesch\u00e4ftsf\u00fchrender Inhaber und Trainer\",\"url\":\"https:\/\/www.absolventenakademie.at\/index.php\/author\/rene\/\"}]}<\/script>\n<!-- \/ Yoast SEO plugin. -->","yoast_head_json":{"title":"\u201eHygge\u201c \u2013 typisch d\u00e4nisch? Interview \u00fcber Karriere, pers\u00f6nlichen Erfolg und Lebensplanung - ABSOLVENTENAKADEMIE","robots":{"index":"index","follow":"follow","max-snippet":"max-snippet:-1","max-image-preview":"max-image-preview:large","max-video-preview":"max-video-preview:-1"},"canonical":"https:\/\/www.absolventenakademie.at\/index.php\/hygge-typisch-daenisch-interview-ueber-karriere-persoenlichen-erfolg-und-lebensplanung\/","og_locale":"de_DE","og_type":"article","og_title":"\u201eHygge\u201c \u2013 typisch d\u00e4nisch? Interview \u00fcber Karriere, pers\u00f6nlichen Erfolg und Lebensplanung - ABSOLVENTENAKADEMIE","og_description":"Im WELTCAF\u00c9, am Montag, den 27.04.2015 treffen wir uns um 11.00 h mit Astrid Thyrsting und Kira Korsgaard Hansen aus D\u00e4nemark. Sie haben das sonnige Wetter aus dem hohen Norden \u2013 so erz\u00e4hlen sie vom Abflug \u2013 ins 26 Grad warme Wien mitgebracht. Der erste Cultural Gap, dem wohl (fast) Jede\/r Nicht-\u00d6sterreicherIn schon einmal ausgesetzt... Read More","og_url":"https:\/\/www.absolventenakademie.at\/index.php\/hygge-typisch-daenisch-interview-ueber-karriere-persoenlichen-erfolg-und-lebensplanung\/","og_site_name":"ABSOLVENTENAKADEMIE","article_publisher":"https:\/\/www.facebook.com\/AbsolventenakademieWien","article_published_time":"2015-05-13T14:10:32+00:00","article_modified_time":"2015-10-22T14:37:36+00:00","og_image":[{"width":1920,"height":1280,"url":"https:\/\/www.absolventenakademie.at\/wp-content\/uploads\/2015\/05\/copenhagen-527126_1920.jpg","type":"image\/jpeg"}],"author":"Ren\u00e9 Merten","twitter_card":"summary_large_image","twitter_misc":{"Verfasst von":"Ren\u00e9 Merten","Gesch\u00e4tzte Lesezeit":"6\u00a0Minuten"},"schema":{"@context":"https:\/\/schema.org","@graph":[{"@type":"Article","@id":"https:\/\/www.absolventenakademie.at\/index.php\/hygge-typisch-daenisch-interview-ueber-karriere-persoenlichen-erfolg-und-lebensplanung\/#article","isPartOf":{"@id":"https:\/\/www.absolventenakademie.at\/index.php\/hygge-typisch-daenisch-interview-ueber-karriere-persoenlichen-erfolg-und-lebensplanung\/"},"author":{"name":"Ren\u00e9 Merten","@id":"https:\/\/www.absolventenakademie.at\/#\/schema\/person\/1cabedea516b57a792d8606ae880e074"},"headline":"\u201eHygge\u201c \u2013 typisch d\u00e4nisch? Interview \u00fcber Karriere, pers\u00f6nlichen Erfolg und Lebensplanung","datePublished":"2015-05-13T14:10:32+00:00","dateModified":"2015-10-22T14:37:36+00:00","mainEntityOfPage":{"@id":"https:\/\/www.absolventenakademie.at\/index.php\/hygge-typisch-daenisch-interview-ueber-karriere-persoenlichen-erfolg-und-lebensplanung\/"},"wordCount":1285,"image":{"@id":"https:\/\/www.absolventenakademie.at\/index.php\/hygge-typisch-daenisch-interview-ueber-karriere-persoenlichen-erfolg-und-lebensplanung\/#primaryimage"},"thumbnailUrl":"https:\/\/www.absolventenakademie.at\/wp-content\/uploads\/2015\/05\/copenhagen-527126_1920.jpg","articleSection":{"1":"Job","2":"Karriere","3":"Leben"},"inLanguage":"de"},{"@type":"WebPage","@id":"https:\/\/www.absolventenakademie.at\/index.php\/hygge-typisch-daenisch-interview-ueber-karriere-persoenlichen-erfolg-und-lebensplanung\/","url":"https:\/\/www.absolventenakademie.at\/index.php\/hygge-typisch-daenisch-interview-ueber-karriere-persoenlichen-erfolg-und-lebensplanung\/","name":"\u201eHygge\u201c \u2013 typisch d\u00e4nisch? Interview \u00fcber Karriere, pers\u00f6nlichen Erfolg und Lebensplanung - ABSOLVENTENAKADEMIE","isPartOf":{"@id":"https:\/\/www.absolventenakademie.at\/#website"},"primaryImageOfPage":{"@id":"https:\/\/www.absolventenakademie.at\/index.php\/hygge-typisch-daenisch-interview-ueber-karriere-persoenlichen-erfolg-und-lebensplanung\/#primaryimage"},"image":{"@id":"https:\/\/www.absolventenakademie.at\/index.php\/hygge-typisch-daenisch-interview-ueber-karriere-persoenlichen-erfolg-und-lebensplanung\/#primaryimage"},"thumbnailUrl":"https:\/\/www.absolventenakademie.at\/wp-content\/uploads\/2015\/05\/copenhagen-527126_1920.jpg","datePublished":"2015-05-13T14:10:32+00:00","dateModified":"2015-10-22T14:37:36+00:00","author":{"@id":"https:\/\/www.absolventenakademie.at\/#\/schema\/person\/1cabedea516b57a792d8606ae880e074"},"breadcrumb":{"@id":"https:\/\/www.absolventenakademie.at\/index.php\/hygge-typisch-daenisch-interview-ueber-karriere-persoenlichen-erfolg-und-lebensplanung\/#breadcrumb"},"inLanguage":"de","potentialAction":[{"@type":"ReadAction","target":["https:\/\/www.absolventenakademie.at\/index.php\/hygge-typisch-daenisch-interview-ueber-karriere-persoenlichen-erfolg-und-lebensplanung\/"]}]},{"@type":"ImageObject","inLanguage":"de","@id":"https:\/\/www.absolventenakademie.at\/index.php\/hygge-typisch-daenisch-interview-ueber-karriere-persoenlichen-erfolg-und-lebensplanung\/#primaryimage","url":"https:\/\/www.absolventenakademie.at\/wp-content\/uploads\/2015\/05\/copenhagen-527126_1920.jpg","contentUrl":"https:\/\/www.absolventenakademie.at\/wp-content\/uploads\/2015\/05\/copenhagen-527126_1920.jpg","width":1920,"height":1280},{"@type":"BreadcrumbList","@id":"https:\/\/www.absolventenakademie.at\/index.php\/hygge-typisch-daenisch-interview-ueber-karriere-persoenlichen-erfolg-und-lebensplanung\/#breadcrumb","itemListElement":[{"@type":"ListItem","position":1,"name":"Home","item":"https:\/\/www.absolventenakademie.at\/"},{"@type":"ListItem","position":2,"name":"\u201eHygge\u201c \u2013 typisch d\u00e4nisch? Interview \u00fcber Karriere, pers\u00f6nlichen Erfolg und Lebensplanung"}]},{"@type":"WebSite","@id":"https:\/\/www.absolventenakademie.at\/#website","url":"https:\/\/www.absolventenakademie.at\/","name":"ABSOLVENTENAKADEMIE","description":"Pers\u00f6nlichkeitsentwicklung f\u00fcr Studierende und Hochschulabsolventen","potentialAction":[{"@type":"SearchAction","target":{"@type":"EntryPoint","urlTemplate":"https:\/\/www.absolventenakademie.at\/?s={search_term_string}"},"query-input":{"@type":"PropertyValueSpecification","valueRequired":true,"valueName":"search_term_string"}}],"inLanguage":"de"},{"@type":"Person","@id":"https:\/\/www.absolventenakademie.at\/#\/schema\/person\/1cabedea516b57a792d8606ae880e074","name":"Ren\u00e9 Merten","image":{"@type":"ImageObject","inLanguage":"de","@id":"https:\/\/secure.gravatar.com\/avatar\/ed266dba4e8ebd7a3c11ab14481f84079775aa25dd4cf33b1e4dfd5b470c033b?s=96&d=mm&r=g","url":"https:\/\/secure.gravatar.com\/avatar\/ed266dba4e8ebd7a3c11ab14481f84079775aa25dd4cf33b1e4dfd5b470c033b?s=96&d=mm&r=g","contentUrl":"https:\/\/secure.gravatar.com\/avatar\/ed266dba4e8ebd7a3c11ab14481f84079775aa25dd4cf33b1e4dfd5b470c033b?s=96&d=mm&r=g","caption":"Ren\u00e9 Merten"},"description":"Akademischer Leiter, gesch\u00e4ftsf\u00fchrender Inhaber und Trainer","url":"https:\/\/www.absolventenakademie.at\/index.php\/author\/rene\/"}]}},"_links":{"self":[{"href":"https:\/\/www.absolventenakademie.at\/index.php\/wp-json\/wp\/v2\/posts\/1247","targetHints":{"allow":["GET"]}}],"collection":[{"href":"https:\/\/www.absolventenakademie.at\/index.php\/wp-json\/wp\/v2\/posts"}],"about":[{"href":"https:\/\/www.absolventenakademie.at\/index.php\/wp-json\/wp\/v2\/types\/post"}],"author":[{"embeddable":true,"href":"https:\/\/www.absolventenakademie.at\/index.php\/wp-json\/wp\/v2\/users\/9"}],"replies":[{"embeddable":true,"href":"https:\/\/www.absolventenakademie.at\/index.php\/wp-json\/wp\/v2\/comments?post=1247"}],"version-history":[{"count":3,"href":"https:\/\/www.absolventenakademie.at\/index.php\/wp-json\/wp\/v2\/posts\/1247\/revisions"}],"predecessor-version":[{"id":6065,"href":"https:\/\/www.absolventenakademie.at\/index.php\/wp-json\/wp\/v2\/posts\/1247\/revisions\/6065"}],"wp:featuredmedia":[{"embeddable":true,"href":"https:\/\/www.absolventenakademie.at\/index.php\/wp-json\/wp\/v2\/media\/5994"}],"wp:attachment":[{"href":"https:\/\/www.absolventenakademie.at\/index.php\/wp-json\/wp\/v2\/media?parent=1247"}],"wp:term":[{"taxonomy":"category","embeddable":true,"href":"https:\/\/www.absolventenakademie.at\/index.php\/wp-json\/wp\/v2\/categories?post=1247"},{"taxonomy":"post_tag","embeddable":true,"href":"https:\/\/www.absolventenakademie.at\/index.php\/wp-json\/wp\/v2\/tags?post=1247"}],"curies":[{"name":"wp","href":"https:\/\/api.w.org\/{rel}","templated":true}]}}