{"id":1281,"date":"2015-05-19T07:05:10","date_gmt":"2015-05-19T05:05:10","guid":{"rendered":"https:\/\/www.absolventenakademie.at\/?p=1281"},"modified":"2015-10-22T16:25:17","modified_gmt":"2015-10-22T14:25:17","slug":"gehen-am-strand-aber-in-welche-richtung","status":"publish","type":"post","link":"https:\/\/www.absolventenakademie.at\/index.php\/gehen-am-strand-aber-in-welche-richtung\/","title":{"rendered":"\u201eGehen am Strand\u201c, aber in welche Richtung?"},"content":{"rendered":"<h2>Sonniger Fr\u00fchling in Wien \u2013 Herbststimmung in der Seele<\/h2>\n<p>Anja kommt nicht von der Stelle. Es beginnt als nervige, aber an sich harmlose <strong>Prokrastination<\/strong>, endlich das auslaufende Diplomstudium abzuschlie\u00dfen. Anja wohnt derweil g\u00fcnstig im Altbau ihrer Tante in der Praterstra\u00dfe am Donaukanal. Dort geht sie gern spazieren, im Badeschiff schwimmen oder auf ein Eis am Schwedenplatz mit ihrem Kumpel Paul. Geht Paul weg oder kommt nicht zum vereinbarten Treffpunkt, mag das Eis pl\u00f6tzlich nicht mehr schmecken. Anja ist oft allein, aber schlimmer noch: Sie ist einsam! Sie redet sich ein, in Paul verliebt zu sein, der sie nicht gerade anziehend findet und letztlich blo\u00df aus Mitleid einmal mit ihr schl\u00e4ft &#8211; F\u00fcr beide kein Genuss. Sexuelle Ersatzbefriedigung holt sie sich anonym bei einem Fremden; dass dieser ihr daf\u00fcr jedes Mal Geld \u201eleiht\u201c, st\u00e4rkt nicht ihr Selbstwertgef\u00fchl, f\u00fchrt aber wenigstens zur Bezahlbarkeit ihrer zweiw\u00f6chentlichen Therapiesitzungen, die ihr eigentlich nichts bringen.<\/p>\n<p>Ihre \u201e<strong>Aufschieberitis<\/strong>\u201c mutiert bald zur handfesten Schreibblockade. Nachdem auch noch ihre Gro\u00dfmutter am gleichen Tage stirbt, an dem diese Anja wieder einmal vergebens angefleht hatte, sie doch noch einmal besuchen zu kommen, scheint die Depression perfekt. Anja misslingt nicht nur die Aufarbeitung mit ihrem Vater, der die Familie fr\u00fch verlassen hatte. Auch von ihrer Mutter h\u00f6rt sie nur demotivierende Standard-Parolen \u00e1 la Disziplin und Flei\u00df. Hinter ihrer Antriebslosigkeit raschelt die<strong> existenzielle Krise <\/strong>im Geb\u00fcsch und lauert auf den Ausbruch.<\/p>\n<p><a href=\"https:\/\/www.absolventenakademie.at\/wp-cms\/wp-content\/uploads\/2015\/05\/Gehen-am-Strand.png\"><img loading=\"lazy\" decoding=\"async\" class=\"aligncenter size-medium wp-image-1284\" src=\"https:\/\/www.absolventenakademie.at\/wp-cms\/wp-content\/uploads\/2015\/05\/Gehen-am-Strand-300x225.png\" alt=\"Gehen am Strand\" width=\"300\" height=\"225\" \/><\/a><\/p>\n<h2>Anja, \u201eAbsolventen-Anna\u201c und ihre <a href=\"https:\/\/www.absolventenakademie.at\/wp-cms\/wp-content\/uploads\/2013\/04\/Quarter-life-crises.pdf\" target=\"_blank\">\u201eQuarterlife Crises\u201c<\/a><\/h2>\n<p>Caspar Pfaundlers 2013 entstandene <a href=\"http:\/\/www.film.at\/gehen-am-strand\" target=\"_blank\">Melodramatik<\/a> liefert eine reduzierte, aber sehr pr\u00e4zise Studie dieses unerkl\u00e4rlich belastenden Stillstands, der uns von der ABSOLVENTENAKADEMIE wohlbekannt vorkommt.<\/p>\n<p>Anja, die 28j\u00e4hrige Antiheldin des Films, klebt mit Namen \u201e<strong>Absolventen-Anna<\/strong>\u201c popul\u00e4r als sog. \u201ePersona\u201c l\u00e4chelnd an unserem Flip-Board. \u201ePersonas\u201c sind fiktive Charaktere, die typische und wichtige Eigenschaften einer Zielgruppe repr\u00e4sentieren \u2013 in diesem Fall (potenzielle) <a href=\"https:\/\/www.absolventenakademie.at\/hochschulabschluss-und-wie-weiter\" target=\"_blank\">Hochschulabsolventen\/innen<\/a>. Wenn \u201e<strong>Absolventen-Anna<\/strong>\u201c, respektive Anja, sich die nackten F\u00fc\u00dfe am holl\u00e4ndischen Strand umsp\u00fclen l\u00e4sst oder an der spanischen K\u00fcste zeltet, scheint sie kurz die Ruhe und die Sehnsucht des Meeres zu packen. Aber nur das <a href=\"http:\/\/derstandard.at\/2000015067178\/Gehen-am-StrandBewegung-gegen-Schreibblockade\" target=\"_blank\">\u201eGehen am Strand&#8220;<\/a> als Entspannungstherapie oder schlicht \u201edas Leben lockerer sehen\u201c, wie ihr Vater es r\u00e4t, helfen ihr genauso wenig wie simplifiziertes <strong>Positive Thinking<\/strong>. Anja wird sich schmerzhaft einer weit klaffenden Leerstelle bewusst: Dem fehlenden <strong>Selbstverst\u00e4ndnis<\/strong>, \u201eeinfach sein zu d\u00fcrfen\u201d, wie sie es nennt &#8211; Wir nennen es <a href=\"https:\/\/www.absolventenakademie.at\/wp-cms\/wp-content\/uploads\/2013\/04\/Quarter-life-crises.pdf\" target=\"_blank\">\u201eQuarterlife Crises\u201c<\/a>.<\/p>\n<p><a href=\"https:\/\/www.absolventenakademie.at\/wp-cms\/wp-content\/uploads\/2015\/05\/peer-173435_640.jpg\"><img loading=\"lazy\" decoding=\"async\" class=\"aligncenter size-medium wp-image-1285\" src=\"https:\/\/www.absolventenakademie.at\/wp-cms\/wp-content\/uploads\/2015\/05\/peer-173435_640-300x200.jpg\" alt=\"peer-173435_640\" width=\"300\" height=\"200\" \/><\/a><\/p>\n<h2>\u201eWer den Hafen nicht kennt, f\u00fcr den ist kein Weg g\u00fcnstig!\u201c (Seneca)<\/h2>\n<p>Dichter Hafennebel umgibt Anjas Leben, die ihre Einsamkeit intensiv wie nie zuvor als Bewegung zu sich selbst wahrnimmt. \u00dcber ein Viertel ihres bisherigen Erdendaseins scheint ihr vertan und nichts als Angst vor dem drohenden <strong>Hochschulabschluss <\/strong>akut. Macht Sie diesen ohnedies nur f\u00fcr jemand anderen, z.B. ihre promovierte Business-Mutter? Anja kommen Verdr\u00e4ngungszweifel, ob nicht ein k\u00fcnstlerisches <strong>Studium <\/strong>besser zu ihr gepasst h\u00e4tte, wie es mit dem k\u00fcnftigen <a href=\"https:\/\/www.absolventenakademie.at\/unser-angebot\/mein-job\/\" target=\"_blank\">Traumjob <\/a>ausschaut und wo ihr Platz in dieser Gesellschaft \u00fcberhaupt sein soll.<\/p>\n<p><strong>W\u00fcnsche<\/strong>, <strong>Tr\u00e4ume <\/strong>und Hoffnungen hat sie viele, aber keine <a href=\"https:\/\/www.absolventenakademie.at\/unser-angebot\/freude-am-entscheiden\/\" target=\"_blank\">echten Ziele oder gar praktische Selfcoaching Tools<\/a>, diese auch zu erreichen. Anja ist intelligent, sch\u00f6n und eine offene Pers\u00f6nlichkeit. Trotzdem kriegt sie das Selbstbild von einer baumelnden, ausblutenden Schweineh\u00e4lfte nicht aus ihrem Kopf, verliert sich fremdbestimmt in Lethargie. Zuletzt kauert sie unter dem Tisch, auf dem sich d\u00e4monisch die eingestaubten B\u00fccherstapel ihrer <strong>unfertigen Diplomarbeit <\/strong>t\u00fcrmen und die aufgeschnittene Papaya vom letzten Fr\u00fchst\u00fcck mit Paul vor sich hin fault wie ihre <strong>Lebensfreude<\/strong>.<\/p>\n<p>Ist es nur Anjas Problem oder das einer ganzen Altersklasse? Der Film antwortet darauf nicht, sondern zeigt Anja als Vertreterin ihrer <strong>Studiengeneration<\/strong>, die das Kaffee trinken in der AIDA am Steffel ebenso liebt wie mit dem Fahrrad an der Alten Donau entlang zu fahren. Anja ist ein <strong>Digital Native<\/strong>, versucht aber den Gefahren von Oberfl\u00e4chlichkeit und Ablenkung durch die dauernde <strong>Vernetztheit <\/strong>des WWW mittels Nichtbegleichen der offenen Internet-Rechnungen (aus Geldnot oder Selbsttherapie?) zu begegnen. Nur selten, wenn Anja etwa von ihrer asiatischen Nachbarin zum Tee eingeladen wird und beim gemeinsamen Kochen merkt, dass sie nicht allein ist, dass Freunde Tipps und andere Sichtweisen geben k\u00f6nnen und man selbst einiges tun kann, um das eigene <strong>Leben gl\u00fccklicher <\/strong>zu gestalten statt nur darauf zu warten, ist Anja bei sich \u2013 Denn das ist, wo sie wirklich hingeh\u00f6rt!<\/p>\n<p><strong>Erfolgreich <\/strong>und <a href=\"https:\/\/www.absolventenakademie.at\/unser-angebot\/zeitreise\/\" target=\"_blank\">achtsam leben<\/a>, die eigenen St\u00e4rken (er-)kennen und selbstbewusst <a href=\"https:\/\/www.absolventenakademie.at\/unser-angebot\/freude-am-entscheiden\/\" target=\"_blank\">Entscheidungen <\/a>treffen \u2013 F\u00fcr Sie ein Thema? Schauen Sie doch mal bei <a href=\"https:\/\/www.absolventenakademie.at\/online-anmeldung\" target=\"_blank\">uns <\/a>vorbei!<\/p>\n","protected":false},"excerpt":{"rendered":"<p>Sonniger Fr\u00fchling in Wien \u2013 Herbststimmung in der Seele Anja kommt nicht von der Stelle. Es beginnt als nervige, aber an sich harmlose Prokrastination, endlich das auslaufende Diplomstudium abzuschlie\u00dfen. Anja wohnt derweil g\u00fcnstig im Altbau ihrer Tante in der Praterstra\u00dfe am Donaukanal. Dort geht sie gern spazieren, im Badeschiff schwimmen oder auf ein Eis am&#8230; <\/p>\n<div class=\"clear\"><\/div>\n<p><a href=\"https:\/\/www.absolventenakademie.at\/index.php\/gehen-am-strand-aber-in-welche-richtung\/\" class=\"gdlr-button with-border excerpt-read-more\">Read More<\/a><\/p>\n","protected":false},"author":9,"featured_media":5997,"comment_status":"closed","ping_status":"closed","sticky":false,"template":"","format":"standard","meta":{"footnotes":""},"categories":[1,74,88,76],"tags":[],"class_list":["post-1281","post","type-post","status-publish","format-standard","has-post-thumbnail","hentry","category-allgemein","category-karriere","category-leben","category-persoenlichkeit"],"yoast_head":"<!-- This site is optimized with the Yoast SEO plugin v27.2 - https:\/\/yoast.com\/product\/yoast-seo-wordpress\/ -->\n<title>\u201eGehen am Strand\u201c, aber in welche Richtung? - ABSOLVENTENAKADEMIE<\/title>\n<meta name=\"robots\" content=\"index, follow, max-snippet:-1, max-image-preview:large, max-video-preview:-1\" \/>\n<link rel=\"canonical\" href=\"https:\/\/www.absolventenakademie.at\/index.php\/gehen-am-strand-aber-in-welche-richtung\/\" \/>\n<meta property=\"og:locale\" content=\"de_DE\" \/>\n<meta property=\"og:type\" content=\"article\" \/>\n<meta property=\"og:title\" content=\"\u201eGehen am Strand\u201c, aber in welche Richtung? - ABSOLVENTENAKADEMIE\" \/>\n<meta property=\"og:description\" content=\"Sonniger Fr\u00fchling in Wien \u2013 Herbststimmung in der Seele Anja kommt nicht von der Stelle. Es beginnt als nervige, aber an sich harmlose Prokrastination, endlich das auslaufende Diplomstudium abzuschlie\u00dfen. Anja wohnt derweil g\u00fcnstig im Altbau ihrer Tante in der Praterstra\u00dfe am Donaukanal. Dort geht sie gern spazieren, im Badeschiff schwimmen oder auf ein Eis am... Read More\" \/>\n<meta property=\"og:url\" content=\"https:\/\/www.absolventenakademie.at\/index.php\/gehen-am-strand-aber-in-welche-richtung\/\" \/>\n<meta property=\"og:site_name\" content=\"ABSOLVENTENAKADEMIE\" \/>\n<meta property=\"article:publisher\" content=\"https:\/\/www.facebook.com\/AbsolventenakademieWien\" \/>\n<meta property=\"article:published_time\" content=\"2015-05-19T05:05:10+00:00\" \/>\n<meta property=\"article:modified_time\" content=\"2015-10-22T14:25:17+00:00\" \/>\n<meta property=\"og:image\" content=\"https:\/\/www.absolventenakademie.at\/wp-content\/uploads\/2015\/05\/Gehen-am-Strand1.jpg\" \/>\n\t<meta property=\"og:image:width\" content=\"730\" \/>\n\t<meta property=\"og:image:height\" content=\"320\" \/>\n\t<meta property=\"og:image:type\" content=\"image\/jpeg\" \/>\n<meta name=\"author\" content=\"Ren\u00e9 Merten\" \/>\n<meta name=\"twitter:card\" content=\"summary_large_image\" \/>\n<meta name=\"twitter:label1\" content=\"Verfasst von\" \/>\n\t<meta name=\"twitter:data1\" content=\"Ren\u00e9 Merten\" \/>\n\t<meta name=\"twitter:label2\" content=\"Gesch\u00e4tzte Lesezeit\" \/>\n\t<meta name=\"twitter:data2\" content=\"4\u00a0Minuten\" \/>\n<script type=\"application\/ld+json\" class=\"yoast-schema-graph\">{\"@context\":\"https:\/\/schema.org\",\"@graph\":[{\"@type\":\"Article\",\"@id\":\"https:\/\/www.absolventenakademie.at\/index.php\/gehen-am-strand-aber-in-welche-richtung\/#article\",\"isPartOf\":{\"@id\":\"https:\/\/www.absolventenakademie.at\/index.php\/gehen-am-strand-aber-in-welche-richtung\/\"},\"author\":{\"name\":\"Ren\u00e9 Merten\",\"@id\":\"https:\/\/www.absolventenakademie.at\/#\/schema\/person\/1cabedea516b57a792d8606ae880e074\"},\"headline\":\"\u201eGehen am Strand\u201c, aber in welche Richtung?\",\"datePublished\":\"2015-05-19T05:05:10+00:00\",\"dateModified\":\"2015-10-22T14:25:17+00:00\",\"mainEntityOfPage\":{\"@id\":\"https:\/\/www.absolventenakademie.at\/index.php\/gehen-am-strand-aber-in-welche-richtung\/\"},\"wordCount\":763,\"image\":{\"@id\":\"https:\/\/www.absolventenakademie.at\/index.php\/gehen-am-strand-aber-in-welche-richtung\/#primaryimage\"},\"thumbnailUrl\":\"https:\/\/www.absolventenakademie.at\/wp-content\/uploads\/2015\/05\/Gehen-am-Strand1.jpg\",\"articleSection\":{\"1\":\"Karriere\",\"2\":\"Leben\",\"3\":\"Pers\u00f6nlichkeit\"},\"inLanguage\":\"de\"},{\"@type\":\"WebPage\",\"@id\":\"https:\/\/www.absolventenakademie.at\/index.php\/gehen-am-strand-aber-in-welche-richtung\/\",\"url\":\"https:\/\/www.absolventenakademie.at\/index.php\/gehen-am-strand-aber-in-welche-richtung\/\",\"name\":\"\u201eGehen am Strand\u201c, aber in welche Richtung? - ABSOLVENTENAKADEMIE\",\"isPartOf\":{\"@id\":\"https:\/\/www.absolventenakademie.at\/#website\"},\"primaryImageOfPage\":{\"@id\":\"https:\/\/www.absolventenakademie.at\/index.php\/gehen-am-strand-aber-in-welche-richtung\/#primaryimage\"},\"image\":{\"@id\":\"https:\/\/www.absolventenakademie.at\/index.php\/gehen-am-strand-aber-in-welche-richtung\/#primaryimage\"},\"thumbnailUrl\":\"https:\/\/www.absolventenakademie.at\/wp-content\/uploads\/2015\/05\/Gehen-am-Strand1.jpg\",\"datePublished\":\"2015-05-19T05:05:10+00:00\",\"dateModified\":\"2015-10-22T14:25:17+00:00\",\"author\":{\"@id\":\"https:\/\/www.absolventenakademie.at\/#\/schema\/person\/1cabedea516b57a792d8606ae880e074\"},\"breadcrumb\":{\"@id\":\"https:\/\/www.absolventenakademie.at\/index.php\/gehen-am-strand-aber-in-welche-richtung\/#breadcrumb\"},\"inLanguage\":\"de\",\"potentialAction\":[{\"@type\":\"ReadAction\",\"target\":[\"https:\/\/www.absolventenakademie.at\/index.php\/gehen-am-strand-aber-in-welche-richtung\/\"]}]},{\"@type\":\"ImageObject\",\"inLanguage\":\"de\",\"@id\":\"https:\/\/www.absolventenakademie.at\/index.php\/gehen-am-strand-aber-in-welche-richtung\/#primaryimage\",\"url\":\"https:\/\/www.absolventenakademie.at\/wp-content\/uploads\/2015\/05\/Gehen-am-Strand1.jpg\",\"contentUrl\":\"https:\/\/www.absolventenakademie.at\/wp-content\/uploads\/2015\/05\/Gehen-am-Strand1.jpg\",\"width\":730,\"height\":320},{\"@type\":\"BreadcrumbList\",\"@id\":\"https:\/\/www.absolventenakademie.at\/index.php\/gehen-am-strand-aber-in-welche-richtung\/#breadcrumb\",\"itemListElement\":[{\"@type\":\"ListItem\",\"position\":1,\"name\":\"Home\",\"item\":\"https:\/\/www.absolventenakademie.at\/\"},{\"@type\":\"ListItem\",\"position\":2,\"name\":\"\u201eGehen am Strand\u201c, aber in welche Richtung?\"}]},{\"@type\":\"WebSite\",\"@id\":\"https:\/\/www.absolventenakademie.at\/#website\",\"url\":\"https:\/\/www.absolventenakademie.at\/\",\"name\":\"ABSOLVENTENAKADEMIE\",\"description\":\"Pers\u00f6nlichkeitsentwicklung f\u00fcr Studierende und Hochschulabsolventen\",\"potentialAction\":[{\"@type\":\"SearchAction\",\"target\":{\"@type\":\"EntryPoint\",\"urlTemplate\":\"https:\/\/www.absolventenakademie.at\/?s={search_term_string}\"},\"query-input\":{\"@type\":\"PropertyValueSpecification\",\"valueRequired\":true,\"valueName\":\"search_term_string\"}}],\"inLanguage\":\"de\"},{\"@type\":\"Person\",\"@id\":\"https:\/\/www.absolventenakademie.at\/#\/schema\/person\/1cabedea516b57a792d8606ae880e074\",\"name\":\"Ren\u00e9 Merten\",\"image\":{\"@type\":\"ImageObject\",\"inLanguage\":\"de\",\"@id\":\"https:\/\/secure.gravatar.com\/avatar\/ed266dba4e8ebd7a3c11ab14481f84079775aa25dd4cf33b1e4dfd5b470c033b?s=96&d=mm&r=g\",\"url\":\"https:\/\/secure.gravatar.com\/avatar\/ed266dba4e8ebd7a3c11ab14481f84079775aa25dd4cf33b1e4dfd5b470c033b?s=96&d=mm&r=g\",\"contentUrl\":\"https:\/\/secure.gravatar.com\/avatar\/ed266dba4e8ebd7a3c11ab14481f84079775aa25dd4cf33b1e4dfd5b470c033b?s=96&d=mm&r=g\",\"caption\":\"Ren\u00e9 Merten\"},\"description\":\"Akademischer Leiter, gesch\u00e4ftsf\u00fchrender Inhaber und Trainer\",\"url\":\"https:\/\/www.absolventenakademie.at\/index.php\/author\/rene\/\"}]}<\/script>\n<!-- \/ Yoast SEO plugin. -->","yoast_head_json":{"title":"\u201eGehen am Strand\u201c, aber in welche Richtung? - ABSOLVENTENAKADEMIE","robots":{"index":"index","follow":"follow","max-snippet":"max-snippet:-1","max-image-preview":"max-image-preview:large","max-video-preview":"max-video-preview:-1"},"canonical":"https:\/\/www.absolventenakademie.at\/index.php\/gehen-am-strand-aber-in-welche-richtung\/","og_locale":"de_DE","og_type":"article","og_title":"\u201eGehen am Strand\u201c, aber in welche Richtung? - ABSOLVENTENAKADEMIE","og_description":"Sonniger Fr\u00fchling in Wien \u2013 Herbststimmung in der Seele Anja kommt nicht von der Stelle. Es beginnt als nervige, aber an sich harmlose Prokrastination, endlich das auslaufende Diplomstudium abzuschlie\u00dfen. Anja wohnt derweil g\u00fcnstig im Altbau ihrer Tante in der Praterstra\u00dfe am Donaukanal. Dort geht sie gern spazieren, im Badeschiff schwimmen oder auf ein Eis am... Read More","og_url":"https:\/\/www.absolventenakademie.at\/index.php\/gehen-am-strand-aber-in-welche-richtung\/","og_site_name":"ABSOLVENTENAKADEMIE","article_publisher":"https:\/\/www.facebook.com\/AbsolventenakademieWien","article_published_time":"2015-05-19T05:05:10+00:00","article_modified_time":"2015-10-22T14:25:17+00:00","og_image":[{"width":730,"height":320,"url":"https:\/\/www.absolventenakademie.at\/wp-content\/uploads\/2015\/05\/Gehen-am-Strand1.jpg","type":"image\/jpeg"}],"author":"Ren\u00e9 Merten","twitter_card":"summary_large_image","twitter_misc":{"Verfasst von":"Ren\u00e9 Merten","Gesch\u00e4tzte Lesezeit":"4\u00a0Minuten"},"schema":{"@context":"https:\/\/schema.org","@graph":[{"@type":"Article","@id":"https:\/\/www.absolventenakademie.at\/index.php\/gehen-am-strand-aber-in-welche-richtung\/#article","isPartOf":{"@id":"https:\/\/www.absolventenakademie.at\/index.php\/gehen-am-strand-aber-in-welche-richtung\/"},"author":{"name":"Ren\u00e9 Merten","@id":"https:\/\/www.absolventenakademie.at\/#\/schema\/person\/1cabedea516b57a792d8606ae880e074"},"headline":"\u201eGehen am Strand\u201c, aber in welche Richtung?","datePublished":"2015-05-19T05:05:10+00:00","dateModified":"2015-10-22T14:25:17+00:00","mainEntityOfPage":{"@id":"https:\/\/www.absolventenakademie.at\/index.php\/gehen-am-strand-aber-in-welche-richtung\/"},"wordCount":763,"image":{"@id":"https:\/\/www.absolventenakademie.at\/index.php\/gehen-am-strand-aber-in-welche-richtung\/#primaryimage"},"thumbnailUrl":"https:\/\/www.absolventenakademie.at\/wp-content\/uploads\/2015\/05\/Gehen-am-Strand1.jpg","articleSection":{"1":"Karriere","2":"Leben","3":"Pers\u00f6nlichkeit"},"inLanguage":"de"},{"@type":"WebPage","@id":"https:\/\/www.absolventenakademie.at\/index.php\/gehen-am-strand-aber-in-welche-richtung\/","url":"https:\/\/www.absolventenakademie.at\/index.php\/gehen-am-strand-aber-in-welche-richtung\/","name":"\u201eGehen am Strand\u201c, aber in welche Richtung? - ABSOLVENTENAKADEMIE","isPartOf":{"@id":"https:\/\/www.absolventenakademie.at\/#website"},"primaryImageOfPage":{"@id":"https:\/\/www.absolventenakademie.at\/index.php\/gehen-am-strand-aber-in-welche-richtung\/#primaryimage"},"image":{"@id":"https:\/\/www.absolventenakademie.at\/index.php\/gehen-am-strand-aber-in-welche-richtung\/#primaryimage"},"thumbnailUrl":"https:\/\/www.absolventenakademie.at\/wp-content\/uploads\/2015\/05\/Gehen-am-Strand1.jpg","datePublished":"2015-05-19T05:05:10+00:00","dateModified":"2015-10-22T14:25:17+00:00","author":{"@id":"https:\/\/www.absolventenakademie.at\/#\/schema\/person\/1cabedea516b57a792d8606ae880e074"},"breadcrumb":{"@id":"https:\/\/www.absolventenakademie.at\/index.php\/gehen-am-strand-aber-in-welche-richtung\/#breadcrumb"},"inLanguage":"de","potentialAction":[{"@type":"ReadAction","target":["https:\/\/www.absolventenakademie.at\/index.php\/gehen-am-strand-aber-in-welche-richtung\/"]}]},{"@type":"ImageObject","inLanguage":"de","@id":"https:\/\/www.absolventenakademie.at\/index.php\/gehen-am-strand-aber-in-welche-richtung\/#primaryimage","url":"https:\/\/www.absolventenakademie.at\/wp-content\/uploads\/2015\/05\/Gehen-am-Strand1.jpg","contentUrl":"https:\/\/www.absolventenakademie.at\/wp-content\/uploads\/2015\/05\/Gehen-am-Strand1.jpg","width":730,"height":320},{"@type":"BreadcrumbList","@id":"https:\/\/www.absolventenakademie.at\/index.php\/gehen-am-strand-aber-in-welche-richtung\/#breadcrumb","itemListElement":[{"@type":"ListItem","position":1,"name":"Home","item":"https:\/\/www.absolventenakademie.at\/"},{"@type":"ListItem","position":2,"name":"\u201eGehen am Strand\u201c, aber in welche Richtung?"}]},{"@type":"WebSite","@id":"https:\/\/www.absolventenakademie.at\/#website","url":"https:\/\/www.absolventenakademie.at\/","name":"ABSOLVENTENAKADEMIE","description":"Pers\u00f6nlichkeitsentwicklung f\u00fcr Studierende und Hochschulabsolventen","potentialAction":[{"@type":"SearchAction","target":{"@type":"EntryPoint","urlTemplate":"https:\/\/www.absolventenakademie.at\/?s={search_term_string}"},"query-input":{"@type":"PropertyValueSpecification","valueRequired":true,"valueName":"search_term_string"}}],"inLanguage":"de"},{"@type":"Person","@id":"https:\/\/www.absolventenakademie.at\/#\/schema\/person\/1cabedea516b57a792d8606ae880e074","name":"Ren\u00e9 Merten","image":{"@type":"ImageObject","inLanguage":"de","@id":"https:\/\/secure.gravatar.com\/avatar\/ed266dba4e8ebd7a3c11ab14481f84079775aa25dd4cf33b1e4dfd5b470c033b?s=96&d=mm&r=g","url":"https:\/\/secure.gravatar.com\/avatar\/ed266dba4e8ebd7a3c11ab14481f84079775aa25dd4cf33b1e4dfd5b470c033b?s=96&d=mm&r=g","contentUrl":"https:\/\/secure.gravatar.com\/avatar\/ed266dba4e8ebd7a3c11ab14481f84079775aa25dd4cf33b1e4dfd5b470c033b?s=96&d=mm&r=g","caption":"Ren\u00e9 Merten"},"description":"Akademischer Leiter, gesch\u00e4ftsf\u00fchrender Inhaber und Trainer","url":"https:\/\/www.absolventenakademie.at\/index.php\/author\/rene\/"}]}},"_links":{"self":[{"href":"https:\/\/www.absolventenakademie.at\/index.php\/wp-json\/wp\/v2\/posts\/1281","targetHints":{"allow":["GET"]}}],"collection":[{"href":"https:\/\/www.absolventenakademie.at\/index.php\/wp-json\/wp\/v2\/posts"}],"about":[{"href":"https:\/\/www.absolventenakademie.at\/index.php\/wp-json\/wp\/v2\/types\/post"}],"author":[{"embeddable":true,"href":"https:\/\/www.absolventenakademie.at\/index.php\/wp-json\/wp\/v2\/users\/9"}],"replies":[{"embeddable":true,"href":"https:\/\/www.absolventenakademie.at\/index.php\/wp-json\/wp\/v2\/comments?post=1281"}],"version-history":[{"count":3,"href":"https:\/\/www.absolventenakademie.at\/index.php\/wp-json\/wp\/v2\/posts\/1281\/revisions"}],"predecessor-version":[{"id":6061,"href":"https:\/\/www.absolventenakademie.at\/index.php\/wp-json\/wp\/v2\/posts\/1281\/revisions\/6061"}],"wp:featuredmedia":[{"embeddable":true,"href":"https:\/\/www.absolventenakademie.at\/index.php\/wp-json\/wp\/v2\/media\/5997"}],"wp:attachment":[{"href":"https:\/\/www.absolventenakademie.at\/index.php\/wp-json\/wp\/v2\/media?parent=1281"}],"wp:term":[{"taxonomy":"category","embeddable":true,"href":"https:\/\/www.absolventenakademie.at\/index.php\/wp-json\/wp\/v2\/categories?post=1281"},{"taxonomy":"post_tag","embeddable":true,"href":"https:\/\/www.absolventenakademie.at\/index.php\/wp-json\/wp\/v2\/tags?post=1281"}],"curies":[{"name":"wp","href":"https:\/\/api.w.org\/{rel}","templated":true}]}}