{"id":1389,"date":"2015-06-20T08:13:03","date_gmt":"2015-06-20T06:13:03","guid":{"rendered":"https:\/\/www.absolventenakademie.at\/?p=1389"},"modified":"2015-10-22T16:13:33","modified_gmt":"2015-10-22T14:13:33","slug":"glueck-und-was-meine-persoenlichkeit-damit-zu-tun-hat","status":"publish","type":"post","link":"https:\/\/www.absolventenakademie.at\/index.php\/glueck-und-was-meine-persoenlichkeit-damit-zu-tun-hat\/","title":{"rendered":"GL\u00dcCK  &#8230;und was meine Pers\u00f6nlichkeit damit zu tun hat!"},"content":{"rendered":"<h2>Gl\u00fcckseligkeit \u2013 romantischer Realismus?<\/h2>\n<p>Technik-affin, multikulturell, ehrgeizig und kritisch \u2013 Diese Attribute werden der sog. \u201eGeneration Y\u201c auf die Fahnen geschrieben. Aber wie steht sie zu ihrem pers\u00f6nlichen Gl\u00fcck?<\/p>\n<p><em>\u201eIch habe angefangen, ein bisschen vergn\u00fcgt zu sein, da man mir sagte, das sei gut f\u00fcr die Gesundheit.\u201c (Voltaire zugeschrieben)<\/em><\/p>\n<p>Dass nat\u00fcrliche Gl\u00fcckszust\u00e4nde gesund sind, darf als bewiesen gelten; dass \u00c4rger und Unzufriedenheit dauerhaft krank machen, auch. Nur ein \u201eromantischer\u201c Standpunkt, mit der rosaroten Brille alles zu ignorieren, was unbequem erscheint? \u201eNein!\u201c, sagen die nach 1980 Geborenen, aber nicht als ideologische Kampfansage an das System, sondern mit einem geh\u00f6rigen Realit\u00e4tsbewusstsein: Gut ausgebildet steht den Meisten die Welt offen. Sie sind bereit, ihr etwas zu geben \u2013 Aber sie wollen auch etwas daf\u00fcr haben! Gelernt haben sie von allen vorherigen Generationen: Pflichtgef\u00fchl \u00e0 la \u201eDas darfst Du nicht\u201c macht ebenso wenig gl\u00fccklich wie egoistischer Individualismus oder blo\u00dfe Konsumflucht. Erfolg \u2013 ob privat oder im Job \u2013 ist l\u00e4ngst keine Frage von Karriereleiter und Freizeiteffizienz mehr. Es ist eine Frage der pers\u00f6nlichen Einstellung, der eigenen <a href=\"https:\/\/www.absolventenakademie.at\/%20Studium-und-dann\/\" target=\"_blank\">Pers\u00f6nlichkeit<\/a>. Was sind meine <a href=\"https:\/\/www.absolventenakademie.at\/unser-angebot\/mein-job\/\" target=\"_blank\">Talente <\/a>und f\u00fcr was (Geld oder nur Spa\u00df?) will ich sie nutzen? Wer sind meine Freunde und wer nur Netzwerkbekanntschaft? <a href=\"https:\/\/www.absolventenakademie.at\/unser-angebot\/freude-am-entscheiden\/\" target=\"_blank\">Entscheide <\/a>ich mich f\u00fcr oder gegen etwas und nach welchen pers\u00f6nlichen Ma\u00dfst\u00e4ben?<\/p>\n<p><a href=\"https:\/\/www.absolventenakademie.at\/wp-cms\/wp-content\/uploads\/2015\/06\/klee-587479__180.png\"><img loading=\"lazy\" decoding=\"async\" class=\"aligncenter size-full wp-image-1391\" src=\"https:\/\/www.absolventenakademie.at\/wp-cms\/wp-content\/uploads\/2015\/06\/klee-587479__180.png\" alt=\"klee-587479__180\" width=\"283\" height=\"180\" \/><\/a><\/p>\n<h2>Die Sprache des Gl\u00fccks \u2013 F\u00fchre ein <a href=\"https:\/\/www.absolventenakademie.at\/wp-cms\/wp-content\/uploads\/2015\/06\/Arbeitsblatt-Gl\u00fcckswochenbuch.pdf\" target=\"_blank\">Gl\u00fcckswochenbuch<\/a>!<\/h2>\n<p>Ob \u201eLucky\u201c oder \u201eHappy\u201c im Englischen, \u201eFortuna\u201c oder \u201eBeatitudo\u201c aus dem Latein: Terminologisch trennen die meisten Sprachen den gl\u00fccklichen, positiven Zufall vom Zustand der Gl\u00fcckseligkeit. Obwohl das eine ohne das andere vorliegen kann, umfasst \u201e<strong>Gl\u00fcck<\/strong>\u201c im Deutschen gleicherma\u00dfen einen Bereich des Unverhofften (Ich <b>hatte<\/b> Gl\u00fcck!) wie des Beeinflussbaren (Ich <b>bin<\/b> gl\u00fccklich!).<br \/>\nNicht zuletzt durch die moderne Neurolinguistik wie den Konstruktivismus befl\u00fcgelt, wissen wir, dass Kommunikation und Sprache entscheidend sein k\u00f6nnen f\u00fcr die Ver\u00e4nderung psychologischer Abl\u00e4ufe. Ob ich dauernd \u201eweg von\u201c statt \u201ezu hin\u201c strebe und sage, um immer unsicherer zu werden, oder ob ich statt \u201ees geht nicht\u201c lieber frage, was ich konkret tun kann \u2013 All dies pr\u00e4gt eine <strong>positive Grundeinstellung <\/strong>wie situationsangemessen auf <strong>Herausforderungen <\/strong>zu reagieren. Vom Zufall will wohl niemand gerne fremdbestimmt werden!<\/p>\n<p>Um ganz im \u201e<strong>Jetzt und Hier<\/strong>\u201c sein zu k\u00f6nnen, wenden sich viele vom abendl\u00e4ndischen Christentum ab und fern\u00f6stlich-meditativen Sichtweisen zu: Neben viel Esoterik steckt hierin aber auch ein konkretes Bed\u00fcrfnis der modernen Welt: Zu sich selbst finden und <strong>in der eigenen Mitte <\/strong>leben! Statt im Business ein \u00fcberteuertes Resilienz-Coaching zu buchen, k\u00f6nnen simple, g\u00e4nzlich a-religi\u00f6se Techniken im Alltag dabei helfen, die auf Achtsamkeit und Erinnerung zielen. Hier geht es zun\u00e4chst darum, seine Umwelt fernab der vielen Einfl\u00fcsse von au\u00dfen wahrzunehmen und (neutral) zu betrachten, statt effizienzgesteuert gleich bewerten und einordnen zu m\u00fcssen. Da wir st\u00e4ndig mit Eindr\u00fccken \u00fcberrannt werden, spielt Ihre <strong>(qualitativ-pers\u00f6nliche) Erinnerung <\/strong>dabei eine zentrale Rolle.<br \/>\nWer wei\u00df z.B. heute noch, was er oder sie letzten Dienstagabend im TV gesehen hat, am Wochenende zu Mittag a\u00df oder vorgestern als sch\u00f6n empfunden hat? \u2013 Eben! Negative <strong>Empfindungen <\/strong>verkaufen sich nicht nur in der Presse besser als positive. Auch merken wir uns zun\u00e4chst leichter, was alles f\u00fcr Morgen noch zu tun ist, wer mich letztens total genervt hat oder was (vermutlich) gerade wieder nicht klappt.<\/p>\n<p>Dazu eine einfache, aber <b><a href=\"https:\/\/www.absolventenakademie.at\/wp-cms\/wp-content\/uploads\/2015\/06\/Arbeitsblatt-Gl\u00fcckswochenbuch.pdf\" target=\"_blank\">effektive \u00dcbung<\/a><\/b>: Einmal am Wochenende nur eine halbe Stunde als \u201e<strong>pers\u00f6nlichen Jour Fixe<\/strong>\u201c im Kalender eintragen und allen Bekannten und Freunden davon erz\u00e4hlen (nicht um anzugeben, sondern damit das soziale Umfeld die Wichtigkeit der Termins zu respektieren lernt)! Dann einen Katalog von 5-10 immer gleichen, standardisierten \u201e<strong>Fragen an mich selbst<\/strong>\u201c \u00fcber die vergangene Woche tagebuchartig beantworten \u2013 Immer schriftlich mit dem gleichen Medium (z.B. analog in einem Poket-Buch oder in einer Sammeldatei auf dem Smartphone). Eine Auswahl an Fragen finden Sie z.B. <a href=\"https:\/\/www.absolventenakademie.at\/wp-cms\/wp-content\/uploads\/2015\/06\/Arbeitsblatt-Gl\u00fcckswochenbuch.pdf\" target=\"_blank\">HIER<\/a>. Sie k\u00f6nnen auf die eigene Sprache angepasst, erg\u00e4nzt oder gek\u00fcrzt werden; wichtig ist nur, dass immer eine zeitliche Verbindung von letzter Woche (Vergangenheit) \u00fcber die Ist-Situation (Gegenwart) in die kommende Woche (Zukunft) gezogen wird.<br \/>\nVerlegen Sie diesen fixen Termin nur in absoluten Notf\u00e4llen wie z.B. schwere Krankheit, niemals (nur) weil es Ihnen \u201emomentan eh total gut geht\u201c oder gerade 10 Whatsapp-Mitteilungen eintrudeln \u2013 Auch nicht einfach nur eine Stunde fr\u00fcher oder sp\u00e4ter. Damit zeigen Sie sich selbst, welche Wichtigkeit das Ganze f\u00fcr hat, im <strong>JETZT bei Ihnen <\/strong>zu sein.<\/p>\n<p>Geben Sie nun dem Ganzen zum Abschluss einen <strong>Titel<\/strong>, der nicht wie ein Arbeitsauftrag oder ein abgeschriebener Werbe-Claim sondern pers\u00f6nlich klingt, z.B. \u201eMeine <a href=\"https:\/\/www.absolventenakademie.at\/unser-angebot\/zeitreise\/\" target=\"_blank\">Zeit <\/a>der Woche!\u201c. Wenn Sie das auf einen Buchdeckel schreiben, eine Datei danach benennst oder dar\u00fcber mit anderen sprechen \u2013 F\u00fchlt sich das gut und richtig an oder eher nach \u201eArbeit\u201c? Bei letzterem spricht das daf\u00fcr, dass der Titel f\u00fcr Sie (noch) nicht passt. Das <a href=\"https:\/\/www.absolventenakademie.at\/wp-cms\/wp-content\/uploads\/2015\/06\/Arbeitsblatt-Gl\u00fcckswochenbuch.pdf\" target=\"_blank\">Gl\u00fcckswochenbuch <\/a>ist nur f\u00fcr Sie und nicht f\u00fcr andere; es sollte daher gnadenlos ehrlich sein! Nat\u00fcrlich steht deshalb fast immer auch Negatives darin, was aber daf\u00fcr sorgt, dass man besser damit abschlie\u00dfen kann.<\/p>\n<p>Es geistert nicht dauernd im Kopf herum sondern ist niedergeschrieben und damit: FINITO! Vor allem jedoch erinnern Sie sich an viele (gute) Dinge, die wir vielleicht manchmal als selbstverst\u00e4ndlich kaum noch wahrnehmen. Anfangs kann das Gl\u00fcckswochenbuch noch etwas von &#8222;komischer Kommunikation mit einem selbst&#8220; in einem ausl\u00f6sen &#8211; Das ist ganz normal. Nach einigen Malen aber wird es ein <strong>sch\u00f6nes Ritual<\/strong>, auf das man sich sp\u00e4testens Mitte der Woche zu freuen beginnt. Versuchen Sie es und <a href=\"https:\/\/www.absolventenakademie.at\/kontakt\/\" target=\"_blank\">sagen Sie uns ehrlich<\/a>, wie es Ihnen damit geht!<\/p>\n<p><a href=\"https:\/\/www.absolventenakademie.at\/wp-cms\/wp-content\/uploads\/2015\/06\/appointment-18319_640.jpg\"><img loading=\"lazy\" decoding=\"async\" class=\"aligncenter size-medium wp-image-1392\" src=\"https:\/\/www.absolventenakademie.at\/wp-cms\/wp-content\/uploads\/2015\/06\/appointment-18319_640-200x300.jpg\" alt=\"appointment-18319_640\" width=\"200\" height=\"300\" \/><\/a><\/p>\n<h2>Gl\u00fcck als Zielorientierung oder Zufriedenheit im JETZT genie\u00dfen?<\/h2>\n<p><em>\u201e<strong>Das Gl\u00fcck ist ein Schmetterling. Jag ihm nach, und er entwischt dir. Setz dich hin, und er l\u00e4sst sich auf deiner Schulter nieder.<\/strong>\u201c (A. de Mello)<\/em><\/p>\n<p>\u201eGeneration Praktikum\u201c wurden sie genannt, getrieben von der Bildungseffizienz. Wirtschafts- und Finanzkrise, Atomkatastrophen in Fukushima und Kinderarbeit im Nahen Osten. Dass gute pers\u00f6nliche Voraussetzungen und die richtige Einstellung noch lange kein pers\u00f6nliches Gl\u00fcck bedeuten m\u00fcssen, wissen sie nur zu gut \u2013 Gerade was den Job angeht.<\/p>\n<p><strong>Gl\u00fcck herbeiphantasieren <\/strong>funktioniert nicht. Aber <strong>innere St\u00e4rke<\/strong>, um auch mit den <strong>Herausforderungen des Lebens <\/strong>umzugehen, kann man trainieren \u2013 Nicht zuletzt, um sich nicht anpassen oder umprogrammieren zu m\u00fcssen, wie Generationen zuvor; sondern um die <strong>eigene Pers\u00f6nlichkeit <\/strong>weiterzuentwickeln. In unserem Workshop <a href=\"https:\/\/www.absolventenakademie.at\/unser-angebot\/zeitreise\/\" target=\"_blank\">\u201eZeitreise \u2013 Investition in mein Leben!\u201c<\/a> z.B. besch\u00e4ftigen wir uns gezielt damit, wie Sie bewusster mit Ihren Erinnerungen umgehen, Achtsamkeit f\u00fcr die jeweilige Situation \u00fcben und <strong>Zeitverwendung statt -verschwendung <\/strong>praktizieren. Zufriedenheit im <strong>JETZT <\/strong>ist n\u00e4mlich nicht nur viel einfacher zu erlangen als stets dem gro\u00dfen, (imagin\u00e4ren?) Gl\u00fcck hinterher zu hechten. Es h\u00e4lt auch den Augenblick fest, den Ihnen niemand mehr nehmen kann!<\/p>\n<p><a href=\"https:\/\/www.absolventenakademie.at\/wp-cms\/wp-content\/uploads\/2015\/06\/Gl\u00fcckswochenbuch.png\"><img loading=\"lazy\" decoding=\"async\" class=\"aligncenter size-medium wp-image-1399\" src=\"https:\/\/www.absolventenakademie.at\/wp-cms\/wp-content\/uploads\/2015\/06\/Gl\u00fcckswochenbuch-300x295.png\" alt=\"Gl\u00fcckswochenbuch\" width=\"300\" height=\"295\" \/><\/a><\/p>\n<p><em>\u201e<strong>Gl\u00fcck ist nicht eine Station, wo man ankommt, sondern eine Art zu reisen.<\/strong>\u201c (M. L. Rumbeck zugeschrieben)<\/em><\/p>\n","protected":false},"excerpt":{"rendered":"<p>Gl\u00fcckseligkeit \u2013 romantischer Realismus? Technik-affin, multikulturell, ehrgeizig und kritisch \u2013 Diese Attribute werden der sog. \u201eGeneration Y\u201c auf die Fahnen geschrieben. Aber wie steht sie zu ihrem pers\u00f6nlichen Gl\u00fcck? \u201eIch habe angefangen, ein bisschen vergn\u00fcgt zu sein, da man mir sagte, das sei gut f\u00fcr die Gesundheit.\u201c (Voltaire zugeschrieben) Dass nat\u00fcrliche Gl\u00fcckszust\u00e4nde gesund sind, darf&#8230; <\/p>\n<div class=\"clear\"><\/div>\n<p><a href=\"https:\/\/www.absolventenakademie.at\/index.php\/glueck-und-was-meine-persoenlichkeit-damit-zu-tun-hat\/\" class=\"gdlr-button with-border excerpt-read-more\">Read More<\/a><\/p>\n","protected":false},"author":8,"featured_media":5931,"comment_status":"closed","ping_status":"closed","sticky":false,"template":"","format":"standard","meta":{"footnotes":""},"categories":[1,88,76,90],"tags":[],"class_list":["post-1389","post","type-post","status-publish","format-standard","has-post-thumbnail","hentry","category-allgemein","category-leben","category-persoenlichkeit","category-zeit"],"yoast_head":"<!-- This site is optimized with the Yoast SEO plugin v27.2 - https:\/\/yoast.com\/product\/yoast-seo-wordpress\/ -->\n<title>GL\u00dcCK ...und was meine Pers\u00f6nlichkeit damit zu tun hat! - ABSOLVENTENAKADEMIE<\/title>\n<meta name=\"robots\" content=\"index, follow, max-snippet:-1, max-image-preview:large, max-video-preview:-1\" \/>\n<link rel=\"canonical\" href=\"https:\/\/www.absolventenakademie.at\/index.php\/glueck-und-was-meine-persoenlichkeit-damit-zu-tun-hat\/\" \/>\n<meta property=\"og:locale\" content=\"de_DE\" \/>\n<meta property=\"og:type\" content=\"article\" \/>\n<meta property=\"og:title\" content=\"GL\u00dcCK ...und was meine Pers\u00f6nlichkeit damit zu tun hat! - ABSOLVENTENAKADEMIE\" \/>\n<meta property=\"og:description\" content=\"Gl\u00fcckseligkeit \u2013 romantischer Realismus? Technik-affin, multikulturell, ehrgeizig und kritisch \u2013 Diese Attribute werden der sog. \u201eGeneration Y\u201c auf die Fahnen geschrieben. Aber wie steht sie zu ihrem pers\u00f6nlichen Gl\u00fcck? \u201eIch habe angefangen, ein bisschen vergn\u00fcgt zu sein, da man mir sagte, das sei gut f\u00fcr die Gesundheit.\u201c (Voltaire zugeschrieben) Dass nat\u00fcrliche Gl\u00fcckszust\u00e4nde gesund sind, darf... Read More\" \/>\n<meta property=\"og:url\" content=\"https:\/\/www.absolventenakademie.at\/index.php\/glueck-und-was-meine-persoenlichkeit-damit-zu-tun-hat\/\" \/>\n<meta property=\"og:site_name\" content=\"ABSOLVENTENAKADEMIE\" \/>\n<meta property=\"article:publisher\" content=\"https:\/\/www.facebook.com\/AbsolventenakademieWien\" \/>\n<meta property=\"article:published_time\" content=\"2015-06-20T06:13:03+00:00\" \/>\n<meta property=\"article:modified_time\" content=\"2015-10-22T14:13:33+00:00\" \/>\n<meta property=\"og:image\" content=\"https:\/\/www.absolventenakademie.at\/wp-content\/uploads\/2015\/06\/DSC_0422-1024x684.jpg\" \/>\n\t<meta property=\"og:image:width\" content=\"1024\" \/>\n\t<meta property=\"og:image:height\" content=\"684\" \/>\n\t<meta property=\"og:image:type\" content=\"image\/jpeg\" \/>\n<meta name=\"author\" content=\"Lisa Janisch\" \/>\n<meta name=\"twitter:card\" content=\"summary_large_image\" \/>\n<meta name=\"twitter:label1\" content=\"Verfasst von\" \/>\n\t<meta name=\"twitter:data1\" content=\"Lisa Janisch\" \/>\n\t<meta name=\"twitter:label2\" content=\"Gesch\u00e4tzte Lesezeit\" \/>\n\t<meta name=\"twitter:data2\" content=\"6\u00a0Minuten\" \/>\n<script type=\"application\/ld+json\" class=\"yoast-schema-graph\">{\"@context\":\"https:\/\/schema.org\",\"@graph\":[{\"@type\":\"Article\",\"@id\":\"https:\/\/www.absolventenakademie.at\/index.php\/glueck-und-was-meine-persoenlichkeit-damit-zu-tun-hat\/#article\",\"isPartOf\":{\"@id\":\"https:\/\/www.absolventenakademie.at\/index.php\/glueck-und-was-meine-persoenlichkeit-damit-zu-tun-hat\/\"},\"author\":{\"name\":\"Lisa Janisch\",\"@id\":\"https:\/\/www.absolventenakademie.at\/#\/schema\/person\/64433926b74d95f2b673897fe8814f01\"},\"headline\":\"GL\u00dcCK &#8230;und was meine Pers\u00f6nlichkeit damit zu tun hat!\",\"datePublished\":\"2015-06-20T06:13:03+00:00\",\"dateModified\":\"2015-10-22T14:13:33+00:00\",\"mainEntityOfPage\":{\"@id\":\"https:\/\/www.absolventenakademie.at\/index.php\/glueck-und-was-meine-persoenlichkeit-damit-zu-tun-hat\/\"},\"wordCount\":1177,\"image\":{\"@id\":\"https:\/\/www.absolventenakademie.at\/index.php\/glueck-und-was-meine-persoenlichkeit-damit-zu-tun-hat\/#primaryimage\"},\"thumbnailUrl\":\"https:\/\/www.absolventenakademie.at\/wp-content\/uploads\/2015\/06\/DSC_0422.jpg\",\"articleSection\":{\"1\":\"Leben\",\"2\":\"Pers\u00f6nlichkeit\",\"3\":\"Zeit\"},\"inLanguage\":\"de\"},{\"@type\":\"WebPage\",\"@id\":\"https:\/\/www.absolventenakademie.at\/index.php\/glueck-und-was-meine-persoenlichkeit-damit-zu-tun-hat\/\",\"url\":\"https:\/\/www.absolventenakademie.at\/index.php\/glueck-und-was-meine-persoenlichkeit-damit-zu-tun-hat\/\",\"name\":\"GL\u00dcCK ...und was meine Pers\u00f6nlichkeit damit zu tun hat! - ABSOLVENTENAKADEMIE\",\"isPartOf\":{\"@id\":\"https:\/\/www.absolventenakademie.at\/#website\"},\"primaryImageOfPage\":{\"@id\":\"https:\/\/www.absolventenakademie.at\/index.php\/glueck-und-was-meine-persoenlichkeit-damit-zu-tun-hat\/#primaryimage\"},\"image\":{\"@id\":\"https:\/\/www.absolventenakademie.at\/index.php\/glueck-und-was-meine-persoenlichkeit-damit-zu-tun-hat\/#primaryimage\"},\"thumbnailUrl\":\"https:\/\/www.absolventenakademie.at\/wp-content\/uploads\/2015\/06\/DSC_0422.jpg\",\"datePublished\":\"2015-06-20T06:13:03+00:00\",\"dateModified\":\"2015-10-22T14:13:33+00:00\",\"author\":{\"@id\":\"https:\/\/www.absolventenakademie.at\/#\/schema\/person\/64433926b74d95f2b673897fe8814f01\"},\"breadcrumb\":{\"@id\":\"https:\/\/www.absolventenakademie.at\/index.php\/glueck-und-was-meine-persoenlichkeit-damit-zu-tun-hat\/#breadcrumb\"},\"inLanguage\":\"de\",\"potentialAction\":[{\"@type\":\"ReadAction\",\"target\":[\"https:\/\/www.absolventenakademie.at\/index.php\/glueck-und-was-meine-persoenlichkeit-damit-zu-tun-hat\/\"]}]},{\"@type\":\"ImageObject\",\"inLanguage\":\"de\",\"@id\":\"https:\/\/www.absolventenakademie.at\/index.php\/glueck-und-was-meine-persoenlichkeit-damit-zu-tun-hat\/#primaryimage\",\"url\":\"https:\/\/www.absolventenakademie.at\/wp-content\/uploads\/2015\/06\/DSC_0422.jpg\",\"contentUrl\":\"https:\/\/www.absolventenakademie.at\/wp-content\/uploads\/2015\/06\/DSC_0422.jpg\",\"width\":6016,\"height\":4016},{\"@type\":\"BreadcrumbList\",\"@id\":\"https:\/\/www.absolventenakademie.at\/index.php\/glueck-und-was-meine-persoenlichkeit-damit-zu-tun-hat\/#breadcrumb\",\"itemListElement\":[{\"@type\":\"ListItem\",\"position\":1,\"name\":\"Home\",\"item\":\"https:\/\/www.absolventenakademie.at\/\"},{\"@type\":\"ListItem\",\"position\":2,\"name\":\"GL\u00dcCK &#8230;und was meine Pers\u00f6nlichkeit damit zu tun hat!\"}]},{\"@type\":\"WebSite\",\"@id\":\"https:\/\/www.absolventenakademie.at\/#website\",\"url\":\"https:\/\/www.absolventenakademie.at\/\",\"name\":\"ABSOLVENTENAKADEMIE\",\"description\":\"Pers\u00f6nlichkeitsentwicklung f\u00fcr Studierende und Hochschulabsolventen\",\"potentialAction\":[{\"@type\":\"SearchAction\",\"target\":{\"@type\":\"EntryPoint\",\"urlTemplate\":\"https:\/\/www.absolventenakademie.at\/?s={search_term_string}\"},\"query-input\":{\"@type\":\"PropertyValueSpecification\",\"valueRequired\":true,\"valueName\":\"search_term_string\"}}],\"inLanguage\":\"de\"},{\"@type\":\"Person\",\"@id\":\"https:\/\/www.absolventenakademie.at\/#\/schema\/person\/64433926b74d95f2b673897fe8814f01\",\"name\":\"Lisa Janisch\",\"image\":{\"@type\":\"ImageObject\",\"inLanguage\":\"de\",\"@id\":\"https:\/\/secure.gravatar.com\/avatar\/dc76021d935b61a9f4645bd2233005dbe8230026bc548fe40390748ad5c64bcb?s=96&d=mm&r=g\",\"url\":\"https:\/\/secure.gravatar.com\/avatar\/dc76021d935b61a9f4645bd2233005dbe8230026bc548fe40390748ad5c64bcb?s=96&d=mm&r=g\",\"contentUrl\":\"https:\/\/secure.gravatar.com\/avatar\/dc76021d935b61a9f4645bd2233005dbe8230026bc548fe40390748ad5c64bcb?s=96&d=mm&r=g\",\"caption\":\"Lisa Janisch\"},\"description\":\"Leiterin Kommunikation und Trainerin\",\"url\":\"https:\/\/www.absolventenakademie.at\/index.php\/author\/lisa\/\"}]}<\/script>\n<!-- \/ Yoast SEO plugin. -->","yoast_head_json":{"title":"GL\u00dcCK ...und was meine Pers\u00f6nlichkeit damit zu tun hat! - ABSOLVENTENAKADEMIE","robots":{"index":"index","follow":"follow","max-snippet":"max-snippet:-1","max-image-preview":"max-image-preview:large","max-video-preview":"max-video-preview:-1"},"canonical":"https:\/\/www.absolventenakademie.at\/index.php\/glueck-und-was-meine-persoenlichkeit-damit-zu-tun-hat\/","og_locale":"de_DE","og_type":"article","og_title":"GL\u00dcCK ...und was meine Pers\u00f6nlichkeit damit zu tun hat! - ABSOLVENTENAKADEMIE","og_description":"Gl\u00fcckseligkeit \u2013 romantischer Realismus? Technik-affin, multikulturell, ehrgeizig und kritisch \u2013 Diese Attribute werden der sog. \u201eGeneration Y\u201c auf die Fahnen geschrieben. Aber wie steht sie zu ihrem pers\u00f6nlichen Gl\u00fcck? \u201eIch habe angefangen, ein bisschen vergn\u00fcgt zu sein, da man mir sagte, das sei gut f\u00fcr die Gesundheit.\u201c (Voltaire zugeschrieben) Dass nat\u00fcrliche Gl\u00fcckszust\u00e4nde gesund sind, darf... Read More","og_url":"https:\/\/www.absolventenakademie.at\/index.php\/glueck-und-was-meine-persoenlichkeit-damit-zu-tun-hat\/","og_site_name":"ABSOLVENTENAKADEMIE","article_publisher":"https:\/\/www.facebook.com\/AbsolventenakademieWien","article_published_time":"2015-06-20T06:13:03+00:00","article_modified_time":"2015-10-22T14:13:33+00:00","og_image":[{"width":1024,"height":684,"url":"https:\/\/www.absolventenakademie.at\/wp-content\/uploads\/2015\/06\/DSC_0422-1024x684.jpg","type":"image\/jpeg"}],"author":"Lisa Janisch","twitter_card":"summary_large_image","twitter_misc":{"Verfasst von":"Lisa Janisch","Gesch\u00e4tzte Lesezeit":"6\u00a0Minuten"},"schema":{"@context":"https:\/\/schema.org","@graph":[{"@type":"Article","@id":"https:\/\/www.absolventenakademie.at\/index.php\/glueck-und-was-meine-persoenlichkeit-damit-zu-tun-hat\/#article","isPartOf":{"@id":"https:\/\/www.absolventenakademie.at\/index.php\/glueck-und-was-meine-persoenlichkeit-damit-zu-tun-hat\/"},"author":{"name":"Lisa Janisch","@id":"https:\/\/www.absolventenakademie.at\/#\/schema\/person\/64433926b74d95f2b673897fe8814f01"},"headline":"GL\u00dcCK &#8230;und was meine Pers\u00f6nlichkeit damit zu tun hat!","datePublished":"2015-06-20T06:13:03+00:00","dateModified":"2015-10-22T14:13:33+00:00","mainEntityOfPage":{"@id":"https:\/\/www.absolventenakademie.at\/index.php\/glueck-und-was-meine-persoenlichkeit-damit-zu-tun-hat\/"},"wordCount":1177,"image":{"@id":"https:\/\/www.absolventenakademie.at\/index.php\/glueck-und-was-meine-persoenlichkeit-damit-zu-tun-hat\/#primaryimage"},"thumbnailUrl":"https:\/\/www.absolventenakademie.at\/wp-content\/uploads\/2015\/06\/DSC_0422.jpg","articleSection":{"1":"Leben","2":"Pers\u00f6nlichkeit","3":"Zeit"},"inLanguage":"de"},{"@type":"WebPage","@id":"https:\/\/www.absolventenakademie.at\/index.php\/glueck-und-was-meine-persoenlichkeit-damit-zu-tun-hat\/","url":"https:\/\/www.absolventenakademie.at\/index.php\/glueck-und-was-meine-persoenlichkeit-damit-zu-tun-hat\/","name":"GL\u00dcCK ...und was meine Pers\u00f6nlichkeit damit zu tun hat! - ABSOLVENTENAKADEMIE","isPartOf":{"@id":"https:\/\/www.absolventenakademie.at\/#website"},"primaryImageOfPage":{"@id":"https:\/\/www.absolventenakademie.at\/index.php\/glueck-und-was-meine-persoenlichkeit-damit-zu-tun-hat\/#primaryimage"},"image":{"@id":"https:\/\/www.absolventenakademie.at\/index.php\/glueck-und-was-meine-persoenlichkeit-damit-zu-tun-hat\/#primaryimage"},"thumbnailUrl":"https:\/\/www.absolventenakademie.at\/wp-content\/uploads\/2015\/06\/DSC_0422.jpg","datePublished":"2015-06-20T06:13:03+00:00","dateModified":"2015-10-22T14:13:33+00:00","author":{"@id":"https:\/\/www.absolventenakademie.at\/#\/schema\/person\/64433926b74d95f2b673897fe8814f01"},"breadcrumb":{"@id":"https:\/\/www.absolventenakademie.at\/index.php\/glueck-und-was-meine-persoenlichkeit-damit-zu-tun-hat\/#breadcrumb"},"inLanguage":"de","potentialAction":[{"@type":"ReadAction","target":["https:\/\/www.absolventenakademie.at\/index.php\/glueck-und-was-meine-persoenlichkeit-damit-zu-tun-hat\/"]}]},{"@type":"ImageObject","inLanguage":"de","@id":"https:\/\/www.absolventenakademie.at\/index.php\/glueck-und-was-meine-persoenlichkeit-damit-zu-tun-hat\/#primaryimage","url":"https:\/\/www.absolventenakademie.at\/wp-content\/uploads\/2015\/06\/DSC_0422.jpg","contentUrl":"https:\/\/www.absolventenakademie.at\/wp-content\/uploads\/2015\/06\/DSC_0422.jpg","width":6016,"height":4016},{"@type":"BreadcrumbList","@id":"https:\/\/www.absolventenakademie.at\/index.php\/glueck-und-was-meine-persoenlichkeit-damit-zu-tun-hat\/#breadcrumb","itemListElement":[{"@type":"ListItem","position":1,"name":"Home","item":"https:\/\/www.absolventenakademie.at\/"},{"@type":"ListItem","position":2,"name":"GL\u00dcCK &#8230;und was meine Pers\u00f6nlichkeit damit zu tun hat!"}]},{"@type":"WebSite","@id":"https:\/\/www.absolventenakademie.at\/#website","url":"https:\/\/www.absolventenakademie.at\/","name":"ABSOLVENTENAKADEMIE","description":"Pers\u00f6nlichkeitsentwicklung f\u00fcr Studierende und Hochschulabsolventen","potentialAction":[{"@type":"SearchAction","target":{"@type":"EntryPoint","urlTemplate":"https:\/\/www.absolventenakademie.at\/?s={search_term_string}"},"query-input":{"@type":"PropertyValueSpecification","valueRequired":true,"valueName":"search_term_string"}}],"inLanguage":"de"},{"@type":"Person","@id":"https:\/\/www.absolventenakademie.at\/#\/schema\/person\/64433926b74d95f2b673897fe8814f01","name":"Lisa Janisch","image":{"@type":"ImageObject","inLanguage":"de","@id":"https:\/\/secure.gravatar.com\/avatar\/dc76021d935b61a9f4645bd2233005dbe8230026bc548fe40390748ad5c64bcb?s=96&d=mm&r=g","url":"https:\/\/secure.gravatar.com\/avatar\/dc76021d935b61a9f4645bd2233005dbe8230026bc548fe40390748ad5c64bcb?s=96&d=mm&r=g","contentUrl":"https:\/\/secure.gravatar.com\/avatar\/dc76021d935b61a9f4645bd2233005dbe8230026bc548fe40390748ad5c64bcb?s=96&d=mm&r=g","caption":"Lisa Janisch"},"description":"Leiterin Kommunikation und Trainerin","url":"https:\/\/www.absolventenakademie.at\/index.php\/author\/lisa\/"}]}},"_links":{"self":[{"href":"https:\/\/www.absolventenakademie.at\/index.php\/wp-json\/wp\/v2\/posts\/1389","targetHints":{"allow":["GET"]}}],"collection":[{"href":"https:\/\/www.absolventenakademie.at\/index.php\/wp-json\/wp\/v2\/posts"}],"about":[{"href":"https:\/\/www.absolventenakademie.at\/index.php\/wp-json\/wp\/v2\/types\/post"}],"author":[{"embeddable":true,"href":"https:\/\/www.absolventenakademie.at\/index.php\/wp-json\/wp\/v2\/users\/8"}],"replies":[{"embeddable":true,"href":"https:\/\/www.absolventenakademie.at\/index.php\/wp-json\/wp\/v2\/comments?post=1389"}],"version-history":[{"count":5,"href":"https:\/\/www.absolventenakademie.at\/index.php\/wp-json\/wp\/v2\/posts\/1389\/revisions"}],"predecessor-version":[{"id":6055,"href":"https:\/\/www.absolventenakademie.at\/index.php\/wp-json\/wp\/v2\/posts\/1389\/revisions\/6055"}],"wp:featuredmedia":[{"embeddable":true,"href":"https:\/\/www.absolventenakademie.at\/index.php\/wp-json\/wp\/v2\/media\/5931"}],"wp:attachment":[{"href":"https:\/\/www.absolventenakademie.at\/index.php\/wp-json\/wp\/v2\/media?parent=1389"}],"wp:term":[{"taxonomy":"category","embeddable":true,"href":"https:\/\/www.absolventenakademie.at\/index.php\/wp-json\/wp\/v2\/categories?post=1389"},{"taxonomy":"post_tag","embeddable":true,"href":"https:\/\/www.absolventenakademie.at\/index.php\/wp-json\/wp\/v2\/tags?post=1389"}],"curies":[{"name":"wp","href":"https:\/\/api.w.org\/{rel}","templated":true}]}}