{"id":1411,"date":"2015-06-26T07:57:58","date_gmt":"2015-06-26T05:57:58","guid":{"rendered":"https:\/\/www.absolventenakademie.at\/?p=1411"},"modified":"2015-10-22T15:31:27","modified_gmt":"2015-10-22T13:31:27","slug":"urlaubszeit-lebenszeit-was-ist-mein-perfekter-urlaub","status":"publish","type":"post","link":"https:\/\/www.absolventenakademie.at\/index.php\/urlaubszeit-lebenszeit-was-ist-mein-perfekter-urlaub\/","title":{"rendered":"Urlaubszeit, Lebenszeit\u2026  &#8211; was ist mein perfekter Urlaub?"},"content":{"rendered":"<h2>Avatar-Urlaub \u2013 Pers\u00f6nlichkeit ja, Person nicht unbedingt!<\/h2>\n<p>K\u00fcnstliche Charaktere, die einer Person an deren Stelle zugeordnet werden, kennen wir nicht nur aus Internet-Games. Auch au\u00dferhalb der virtuellen Welt werden sie mehr und mehr: <strong>Platzhalter, Stellvertreter, Aliase<\/strong>, die Dinge an unserer Stelle f\u00fcr uns tun \u2013 und nicht blo\u00df die unliebsamen!<\/p>\n<p>Wer keinen Mumm f\u00fcr Extremsport hat, kann sich z.B. in der Tiroler \u201eAREA 47\u201c von einem Betriebspraktikanten \u201evertreten\u201c lassen nach eigenen, individuellen Vorgaben. Dann erh\u00e4lt man f\u00fcr einen Tag exklusiv ein Video \u00fcber \u201esein Mega-Erlebnis\u201c zugeschickt \u2013 bevor dieses (dem Unternehmensmarketing zum Opfer fallend) als Internet-Download f\u00fcr alle sichtbar wird. Statt selbst im Kolosseum mit blutr\u00fcnstigen L\u00f6wen zu fighten, lieber den Arena-Gladiatoren einfl\u00fcstern was sie tun sollen (ich tun w\u00fcrde!) und mit N\u00fcsschen von der sicheren Trib\u00fcne anfeuern \u2013 schon im alten Rom hat das Konzept pr\u00e4chtig funktioniert.<br \/>\nWieso also nicht gleich von meinem <strong>Urlaubs-Avatar <\/strong>die Sandburg bauen lassen?<\/p>\n<p><a href=\"https:\/\/www.absolventenakademie.at\/wp-cms\/wp-content\/uploads\/2015\/06\/sand-sculpture-677790_1920.jpg\"><img loading=\"lazy\" decoding=\"async\" class=\"aligncenter size-medium wp-image-1413\" src=\"https:\/\/www.absolventenakademie.at\/wp-cms\/wp-content\/uploads\/2015\/06\/sand-sculpture-677790_1920-300x225.jpg\" alt=\"sand-sculpture-677790_1920\" width=\"300\" height=\"225\" \/><\/a><\/p>\n<p>Wer keine Zeit f\u00fcr eine Abenteuerkreuzfahrt hat, schaut sich Titanic an und fiebert von der Couch aus mit. Warum das funktioniert, hat auch ganz biologisch-neurologische Gr\u00fcnde: Unser Hirn l\u00f6st Emotionen selbst dann aus, wenn nicht wir selbst etwas tun, wenn wir wissen, dass uns das Geschehnis faktisch nichts anhaben kann, ja sogar wenn alles ein rein fiktives Spiel ist! Deshalb stehen Spenden bei traurig aus K\u00e4figen blickenden Hundebabys ebenso hoch im Kurs wie Ego-Shooter an der Konsole. (Un-) Echte Gef\u00fchle ohne Risiko!<\/p>\n<h2><a href=\"https:\/\/www.absolventenakademie.at\/wp-cms\/wp-content\/uploads\/2015\/06\/Reise-Workshop-neu_flyer_korr4.pdf\" target=\"_blank\">Ich packe meinen Koffer, und nehme mit:<\/a><br \/>\nMich selbst, meine <strong>Erfahrungen<\/strong>, meine <strong>Einstellung<\/strong>\u2026<\/h2>\n<p>Will man (Retro Old School) tats\u00e4chlich noch in Persona zum Urlaub aufbrechen, gar den eigenen K\u00f6rper einer Ortsver\u00e4nderung unterziehen, kommt einem dieses bekannte Kindergeburtstagsspiel in die Quere. Ob nun Hartschalen- oder Weichschalenkoffer, ob Trecking-Rucksack oder blo\u00df Leichtgep\u00e4ck: All dies hat (klarer Weise) etwas mit der Art des Urlaubs und dem Urlaubsziel zu tun, aber vor allem mit einem selbst! Anders als bei Avataren kann man weder beim Bungee-Jumping einfach auf den Pause-Knopf dr\u00fccken noch (ohne Zeit- und Geldverluste) beim all-Inklusive Cluburlaub die betrunkenen Buffet-Pl\u00fcnderer\/innen jeden Morgen ausblenden. Man trifft eine <a href=\"https:\/\/www.absolventenakademie.at\/unser-angebot\/freude-am-entscheiden\" target=\"_blank\">Entscheidung <\/a>f\u00fcr den eigenen Urlaubsstil!<\/p>\n<p>Urlaubsplanung schafft hier Abhilfe, und &#8211; wie im echten Leben auch &#8211; zeigt diese im Nachhinein, dass man sich meist \u00fcber die unwichtigste Dingen viel zu viele Gedanken gemacht hat, die wichtigsten manchmal sogar ganz vergessen hat. Einen Urlaub zu vorzubereiten mag f\u00fcr die einen Hotelzimmer-Aufteilungsdiskussion und Impfmarathon bedeuten, f\u00fcr die anderen geballte Vorfreude auf neue Erlebnisse, auf das Abschalten-D\u00fcrfen am ruhigen Sandstrand und Spa\u00df an der Vorstrukturierung der Mietwagenroute.<br \/>\nManche nutzen gar den Urlaub als Kontrapunkt zu deren sonstigem Leben: Das Klischee vom biederen Postbeamten auf Mallorca kommt ebenso wenig von ungef\u00e4hr wie die Aussteiger-Stories der \u201eThru-Hiker\u201c auf dem Appalachian Trail sich \u00e4hneln. Kurze Zeit ausbrechen aus dem Alltag, etwas ausprobieren (und scheitern!) d\u00fcrfen ohne <strong>Job- oder Geld-Konsequenzen <\/strong>im \u201e<strong>echten<\/strong>\u201c Leben\u2026 &#8211; Aber welches ist das echte? Putting it in a (nut) shell: <a href=\"https:\/\/www.absolventenakademie.at\/wp-cms\/wp-content\/uploads\/2015\/06\/Reise-Workshop-neu_flyer_korr4.pdf\" target=\"_blank\">Erz\u00e4hl\u2018 mir von deinem Urlaub (-splan), und ich sag\u2018 dir wer du bist!<\/a><br \/>\n<a href=\"https:\/\/www.absolventenakademie.at\/wp-cms\/wp-content\/uploads\/2015\/06\/put-it-in-a-nut-shell.jpg\"><img loading=\"lazy\" decoding=\"async\" class=\"aligncenter size-medium wp-image-1414\" src=\"https:\/\/www.absolventenakademie.at\/wp-cms\/wp-content\/uploads\/2015\/06\/put-it-in-a-nut-shell-300x225.jpg\" alt=\"put it in a (nut) shell\" width=\"300\" height=\"225\" \/><\/a><\/p>\n<h2>Holiday Mode \u2013 Wie sich meine <a href=\"https:\/\/www.absolventenakademie.at\/wp-cms\/wp-content\/uploads\/2015\/05\/Einzeltraining.pdf\" target=\"_blank\">Zeitwahrnehmung <\/a>(oft nur dann) reguliert<\/h2>\n<p>Kaum hat man den \u201eUrlaubsmodus\u201c erreicht, \u00e4ndert sich auch das subjektive Zeitempfinden bei vielen. Das in westlichen Industriekulturen h\u00e4ufig antreffende \u201eclock-time scheduling\u201c, d.h. eine Organisation \u00e1 la \u201e7 h Aufstehen, 7-8 h Fr\u00fchst\u00fcck, 8-9 h Duschen\/Waschen\/Anziehen\u201c in kleinen Zeitfenstern, weicht zur\u00fcck. Das \u201eevent-time scheduling\u201c greift mehr und mehr Platz, mithin das z.B. in S\u00fcdamerika, im Mittleren Osten oder im s\u00fcdlichen Europa \u00f6fter anzutreffende Ablaufplanung und Erleben eines Ereignisses bis zu dessen Ende \u00e1 la \u201eAufstehen nach dem Wachwerden, bei Appetit Fr\u00fchst\u00fcck, vor dem Weggehen Duschen\/Waschen\/Anziehen\u201c.<\/p>\n<p>In beiden F\u00e4llen ist das Ergebnis \u00e4hnlich, auch die Effizienz unterscheidet sich nicht ma\u00dfgeblich. <a href=\"http:\/\/psycnet.apa.org\/journals\/psp\/107\/5\/791\" target=\"_blank\">Studien<\/a> zeigen aber nicht nur, dass <strong>Denken in Zeitfenstern <\/strong>den unbewussten Druck so stark erh\u00f6hen kann, dass man sich viel mehr dem Zufall unterworfen sieht als das Gef\u00fchl, Einfluss auf die Ereignisse zu haben. Man ist beim \u201eclock-time scheduling\u201c stets versucht, industriell-mechanistisch Zeit auszunutzen, statt diese zu erleben und in ihr zu sein. Welcher Style passt wohl besser zum Urlaubsfeeling? Genau! Und wieso f\u00e4llt man danach innerhalb k\u00fcrzester Zeit wieder zur\u00fcck in den <strong>Alltagstrott <\/strong>der <a href=\"https:\/\/www.absolventenakademie.at\/unser-angebot\/mein-job\">Job-<\/a>Zahnr\u00e4der und die Urlaubserinnerung vegetiert nur noch in der untersten Facebook-Timeline oder der Kaffeepause mit den Arbeitskollegen\/innen dahin (\u201eAh, du warst auf Urlaub &#8211; Und, wie war\u2019s?!\u201c). Manche bleiben selbst im Urlaub im bew\u00e4hrten Modus: Besichtigungstour mit 5-min\u00fctigen Fotopausen f\u00fcrs Album statt still den Sonnenuntergang genie\u00dfen und <a href=\"https:\/\/www.absolventenakademie.at\/unser-angebot\/zeitreise\" target=\"_blank\">der Welt achtsam zuzuh\u00f6ren<\/a>.<\/p>\n<p><a href=\"https:\/\/www.absolventenakademie.at\/wp-cms\/wp-content\/uploads\/2015\/06\/photographer-407068_1920.jpg\"><img loading=\"lazy\" decoding=\"async\" class=\"aligncenter size-medium wp-image-1415\" src=\"https:\/\/www.absolventenakademie.at\/wp-cms\/wp-content\/uploads\/2015\/06\/photographer-407068_1920-300x200.jpg\" alt=\"photographer-407068_1920\" width=\"300\" height=\"200\" \/><\/a><\/p>\n<h2>\u201eWenn jemand eine Reise tut, so kann er was verz\u00e4hlen\u2026\u201c \u2013 \u00dcbung: \u201e<a href=\"https:\/\/www.absolventenakademie.at\/wp-cms\/wp-content\/uploads\/2015\/06\/Meine-Reisedystopie.pdf\" target=\"_blank\">Reise-Dystopie<\/a>\u201c<\/h2>\n<p>Diese Anfangssequenz aus M. Claudius \u201e<a href=\"http:\/\/gutenberg.spiegel.de\/buch\/matthias-claudius-gedichte-5209\/25\" target=\"_blank\">Urians Reise um die Welt<\/a>\u201c (1786!) kennt fast Jede\/r, das Ende aber kaum: \u201eUnd fand es \u00fcberall wie hier, fand \u00fcberall&#8217;n Sparren. Die Menschen grade so wie wir, und ebensolche Narren.\u201c<br \/>\nWie Urlaub und Leben zusammenh\u00e4ngen, kann man u.a. in unserem <strong>Workshop \u201eReise zu mir selbst \u2013 die eigene Ferne schreiben\u201c<\/strong> dichtend erkunden, ohne ausgewiesene\/r Poet\/in sein zu m\u00fcssen. In der \u00dcbung: \u201e<a href=\"https:\/\/www.absolventenakademie.at\/wp-cms\/wp-content\/uploads\/2015\/06\/Meine-Reisedystopie.pdf\" target=\"_blank\">Reise-Dystopie<\/a>\u201c denkt sich jede\/r innerhalb von 15 Minuten eine 2-w\u00f6chige Urlaubsreise in ein fiktives Land aus sowie der eigenen Pers\u00f6nlichkeit wichtige Urlaubsbedingungen: Was darf das Ganze maximal kosten? Will ich schnell Fliegen oder gem\u00fctlich mit dem Schiff anreisen? Komme ich mit meinem eigenen Wohnwagen, trampe mich durch oder bleibe an einem Ort? Wohne ich im Zelt, mache Couch-Surfing oder lass\u2018 mir im Hotel die Kissen aufsch\u00fctteln? Suche ich Sonne und Strand, Snow-Boarding oder City-Hopping? Buche ich das meiste fix oder will flexibel sein?&#8230; F\u00fcnf der (subjektiv) wichtigsten Urlaubsbedingungen wird in weiteren 10 Minuten ein <strong>pers\u00f6nlicher Charakterzug<\/strong> oder eine Eigenart im Alltagsleben gegen\u00fcbergestellt (z.B. VISA muss unbedingt vorher besorgt sein = Sicherheit, Vermeidung von B\u00fcrokratie etc.), und los geht\u2019s:<br \/>\nEine Utopie, also etwas Fantastisches, so weit weg dass es momentan nur in Gedanken zu verwirklichen ist, kann gut ausgehen (\u201eEutopie\u201c) oder weniger gut (\u201eDystopie\u201c). Innerhalb von 20 Minuten gilt es jetzt, ein zukunftspessimistisches Szenario vom <strong>eigenen Traumurlaub<\/strong> zu entwerfen, in dem \u2013 trotz der Urlaubsbedingungen von oben \u2013 wie der Zufall es will einfach alles komplett daneben geht! Da der Urlaub v\u00f6llig fiktiv misslingt, darf die Geschichte ruhig ein bisschen skurril, lustig, \u00fcbertrieben oder mit Schadenfreude garniert werden. Das \u00dcbungsblatt zum praktischen <strong>Self Coaching <\/strong>gibt\u2019s \u00fcbrigens hier zum <strong>Gratis-Download<\/strong>: <a href=\"https:\/\/www.absolventenakademie.at\/wp-cms\/wp-content\/uploads\/2015\/06\/Meine-Reisedystopie.pdf\" target=\"_blank\">REISE-DYSTOPIE<\/a>!<\/p>\n<p>Haben Sie Fernweh nach ihrer Pers\u00f6nlichkeit? Dann besuchen Sie doch unseren <strong>Schreibworkshop \u201e<a href=\"https:\/\/www.absolventenakademie.at\/reise-zu-mir-selbst-die-eigene-ferne-schreiben\" target=\"_blank\">Reise zu mir selbst &#8211; in die Ferne schreiben<\/a>\u201c.<\/strong> Zusammen mit der 1. Mariahilfer Bezirksschreiberin, <a href=\"http:\/\/petra-oellinger.at\" target=\"_blank\">Mag. Petra \u00d6llinger<\/a>, sch\u00f6pfen Sie kreativ schreibend Kraft aus der eigenen Lebensreise &#8211; keine Vorkenntnisse n\u00f6tig!<\/p>\n<p>Wie so ein Schreibworkshop abl\u00e4uft, erfahren sie z.B. <a href=\"http:\/\/mrshydetalksculture.blogspot.co.at\/search\/label\/Absolventenakademie\">HIER<\/a> bei &#8222;Mrs. Hyde talks culture&#8220;. &#8211; Denn der n\u00e4chste (Kultur-) Urlaub kommt gaaaaaanz bestimmt!<\/p>\n","protected":false},"excerpt":{"rendered":"<p>Avatar-Urlaub \u2013 Pers\u00f6nlichkeit ja, Person nicht unbedingt! K\u00fcnstliche Charaktere, die einer Person an deren Stelle zugeordnet werden, kennen wir nicht nur aus Internet-Games. Auch au\u00dferhalb der virtuellen Welt werden sie mehr und mehr: Platzhalter, Stellvertreter, Aliase, die Dinge an unserer Stelle f\u00fcr uns tun \u2013 und nicht blo\u00df die unliebsamen! Wer keinen Mumm f\u00fcr Extremsport&#8230; <\/p>\n<div class=\"clear\"><\/div>\n<p><a href=\"https:\/\/www.absolventenakademie.at\/index.php\/urlaubszeit-lebenszeit-was-ist-mein-perfekter-urlaub\/\" class=\"gdlr-button with-border excerpt-read-more\">Read More<\/a><\/p>\n","protected":false},"author":9,"featured_media":4788,"comment_status":"closed","ping_status":"closed","sticky":false,"template":"","format":"standard","meta":{"footnotes":""},"categories":[77,1,88,76,90],"tags":[],"class_list":["post-1411","post","type-post","status-publish","format-standard","has-post-thumbnail","hentry","category-aktuelles","category-allgemein","category-leben","category-persoenlichkeit","category-zeit"],"yoast_head":"<!-- This site is optimized with the Yoast SEO plugin v27.2 - https:\/\/yoast.com\/product\/yoast-seo-wordpress\/ -->\n<title>Urlaubszeit, Lebenszeit\u2026 - was ist mein perfekter Urlaub? - ABSOLVENTENAKADEMIE<\/title>\n<meta name=\"robots\" content=\"index, follow, max-snippet:-1, max-image-preview:large, max-video-preview:-1\" \/>\n<link rel=\"canonical\" href=\"https:\/\/www.absolventenakademie.at\/index.php\/urlaubszeit-lebenszeit-was-ist-mein-perfekter-urlaub\/\" \/>\n<meta property=\"og:locale\" content=\"de_DE\" \/>\n<meta property=\"og:type\" content=\"article\" \/>\n<meta property=\"og:title\" content=\"Urlaubszeit, Lebenszeit\u2026 - was ist mein perfekter Urlaub? - ABSOLVENTENAKADEMIE\" \/>\n<meta property=\"og:description\" content=\"Avatar-Urlaub \u2013 Pers\u00f6nlichkeit ja, Person nicht unbedingt! K\u00fcnstliche Charaktere, die einer Person an deren Stelle zugeordnet werden, kennen wir nicht nur aus Internet-Games. Auch au\u00dferhalb der virtuellen Welt werden sie mehr und mehr: Platzhalter, Stellvertreter, Aliase, die Dinge an unserer Stelle f\u00fcr uns tun \u2013 und nicht blo\u00df die unliebsamen! Wer keinen Mumm f\u00fcr Extremsport... Read More\" \/>\n<meta property=\"og:url\" content=\"https:\/\/www.absolventenakademie.at\/index.php\/urlaubszeit-lebenszeit-was-ist-mein-perfekter-urlaub\/\" \/>\n<meta property=\"og:site_name\" content=\"ABSOLVENTENAKADEMIE\" \/>\n<meta property=\"article:publisher\" content=\"https:\/\/www.facebook.com\/AbsolventenakademieWien\" \/>\n<meta property=\"article:published_time\" content=\"2015-06-26T05:57:58+00:00\" \/>\n<meta property=\"article:modified_time\" content=\"2015-10-22T13:31:27+00:00\" \/>\n<meta property=\"og:image\" content=\"https:\/\/www.absolventenakademie.at\/wp-content\/uploads\/2015\/06\/sand-sculpture-677790_1920-1024x768.jpg\" \/>\n\t<meta property=\"og:image:width\" content=\"1024\" \/>\n\t<meta property=\"og:image:height\" content=\"768\" \/>\n\t<meta property=\"og:image:type\" content=\"image\/jpeg\" \/>\n<meta name=\"author\" content=\"Ren\u00e9 Merten\" \/>\n<meta name=\"twitter:card\" content=\"summary_large_image\" \/>\n<meta name=\"twitter:label1\" content=\"Verfasst von\" \/>\n\t<meta name=\"twitter:data1\" content=\"Ren\u00e9 Merten\" \/>\n\t<meta name=\"twitter:label2\" content=\"Gesch\u00e4tzte Lesezeit\" \/>\n\t<meta name=\"twitter:data2\" content=\"6\u00a0Minuten\" \/>\n<script type=\"application\/ld+json\" class=\"yoast-schema-graph\">{\"@context\":\"https:\/\/schema.org\",\"@graph\":[{\"@type\":\"Article\",\"@id\":\"https:\/\/www.absolventenakademie.at\/index.php\/urlaubszeit-lebenszeit-was-ist-mein-perfekter-urlaub\/#article\",\"isPartOf\":{\"@id\":\"https:\/\/www.absolventenakademie.at\/index.php\/urlaubszeit-lebenszeit-was-ist-mein-perfekter-urlaub\/\"},\"author\":{\"name\":\"Ren\u00e9 Merten\",\"@id\":\"https:\/\/www.absolventenakademie.at\/#\/schema\/person\/1cabedea516b57a792d8606ae880e074\"},\"headline\":\"Urlaubszeit, Lebenszeit\u2026 &#8211; was ist mein perfekter Urlaub?\",\"datePublished\":\"2015-06-26T05:57:58+00:00\",\"dateModified\":\"2015-10-22T13:31:27+00:00\",\"mainEntityOfPage\":{\"@id\":\"https:\/\/www.absolventenakademie.at\/index.php\/urlaubszeit-lebenszeit-was-ist-mein-perfekter-urlaub\/\"},\"wordCount\":1157,\"image\":{\"@id\":\"https:\/\/www.absolventenakademie.at\/index.php\/urlaubszeit-lebenszeit-was-ist-mein-perfekter-urlaub\/#primaryimage\"},\"thumbnailUrl\":\"https:\/\/www.absolventenakademie.at\/wp-content\/uploads\/2015\/06\/sand-sculpture-677790_1920-1024x768.jpg\",\"articleSection\":{\"0\":\"Aktuelles\",\"2\":\"Leben\",\"3\":\"Pers\u00f6nlichkeit\",\"4\":\"Zeit\"},\"inLanguage\":\"de\"},{\"@type\":\"WebPage\",\"@id\":\"https:\/\/www.absolventenakademie.at\/index.php\/urlaubszeit-lebenszeit-was-ist-mein-perfekter-urlaub\/\",\"url\":\"https:\/\/www.absolventenakademie.at\/index.php\/urlaubszeit-lebenszeit-was-ist-mein-perfekter-urlaub\/\",\"name\":\"Urlaubszeit, Lebenszeit\u2026 - was ist mein perfekter Urlaub? - ABSOLVENTENAKADEMIE\",\"isPartOf\":{\"@id\":\"https:\/\/www.absolventenakademie.at\/#website\"},\"primaryImageOfPage\":{\"@id\":\"https:\/\/www.absolventenakademie.at\/index.php\/urlaubszeit-lebenszeit-was-ist-mein-perfekter-urlaub\/#primaryimage\"},\"image\":{\"@id\":\"https:\/\/www.absolventenakademie.at\/index.php\/urlaubszeit-lebenszeit-was-ist-mein-perfekter-urlaub\/#primaryimage\"},\"thumbnailUrl\":\"https:\/\/www.absolventenakademie.at\/wp-content\/uploads\/2015\/06\/sand-sculpture-677790_1920-1024x768.jpg\",\"datePublished\":\"2015-06-26T05:57:58+00:00\",\"dateModified\":\"2015-10-22T13:31:27+00:00\",\"author\":{\"@id\":\"https:\/\/www.absolventenakademie.at\/#\/schema\/person\/1cabedea516b57a792d8606ae880e074\"},\"breadcrumb\":{\"@id\":\"https:\/\/www.absolventenakademie.at\/index.php\/urlaubszeit-lebenszeit-was-ist-mein-perfekter-urlaub\/#breadcrumb\"},\"inLanguage\":\"de\",\"potentialAction\":[{\"@type\":\"ReadAction\",\"target\":[\"https:\/\/www.absolventenakademie.at\/index.php\/urlaubszeit-lebenszeit-was-ist-mein-perfekter-urlaub\/\"]}]},{\"@type\":\"ImageObject\",\"inLanguage\":\"de\",\"@id\":\"https:\/\/www.absolventenakademie.at\/index.php\/urlaubszeit-lebenszeit-was-ist-mein-perfekter-urlaub\/#primaryimage\",\"url\":\"https:\/\/www.absolventenakademie.at\/wp-content\/uploads\/2015\/06\/sand-sculpture-677790_1920-1024x768.jpg\",\"contentUrl\":\"https:\/\/www.absolventenakademie.at\/wp-content\/uploads\/2015\/06\/sand-sculpture-677790_1920-1024x768.jpg\",\"width\":1024,\"height\":768},{\"@type\":\"BreadcrumbList\",\"@id\":\"https:\/\/www.absolventenakademie.at\/index.php\/urlaubszeit-lebenszeit-was-ist-mein-perfekter-urlaub\/#breadcrumb\",\"itemListElement\":[{\"@type\":\"ListItem\",\"position\":1,\"name\":\"Home\",\"item\":\"https:\/\/www.absolventenakademie.at\/\"},{\"@type\":\"ListItem\",\"position\":2,\"name\":\"Urlaubszeit, Lebenszeit\u2026 &#8211; was ist mein perfekter Urlaub?\"}]},{\"@type\":\"WebSite\",\"@id\":\"https:\/\/www.absolventenakademie.at\/#website\",\"url\":\"https:\/\/www.absolventenakademie.at\/\",\"name\":\"ABSOLVENTENAKADEMIE\",\"description\":\"Pers\u00f6nlichkeitsentwicklung f\u00fcr Studierende und Hochschulabsolventen\",\"potentialAction\":[{\"@type\":\"SearchAction\",\"target\":{\"@type\":\"EntryPoint\",\"urlTemplate\":\"https:\/\/www.absolventenakademie.at\/?s={search_term_string}\"},\"query-input\":{\"@type\":\"PropertyValueSpecification\",\"valueRequired\":true,\"valueName\":\"search_term_string\"}}],\"inLanguage\":\"de\"},{\"@type\":\"Person\",\"@id\":\"https:\/\/www.absolventenakademie.at\/#\/schema\/person\/1cabedea516b57a792d8606ae880e074\",\"name\":\"Ren\u00e9 Merten\",\"image\":{\"@type\":\"ImageObject\",\"inLanguage\":\"de\",\"@id\":\"https:\/\/secure.gravatar.com\/avatar\/ed266dba4e8ebd7a3c11ab14481f84079775aa25dd4cf33b1e4dfd5b470c033b?s=96&d=mm&r=g\",\"url\":\"https:\/\/secure.gravatar.com\/avatar\/ed266dba4e8ebd7a3c11ab14481f84079775aa25dd4cf33b1e4dfd5b470c033b?s=96&d=mm&r=g\",\"contentUrl\":\"https:\/\/secure.gravatar.com\/avatar\/ed266dba4e8ebd7a3c11ab14481f84079775aa25dd4cf33b1e4dfd5b470c033b?s=96&d=mm&r=g\",\"caption\":\"Ren\u00e9 Merten\"},\"description\":\"Akademischer Leiter, gesch\u00e4ftsf\u00fchrender Inhaber und Trainer\",\"url\":\"https:\/\/www.absolventenakademie.at\/index.php\/author\/rene\/\"}]}<\/script>\n<!-- \/ Yoast SEO plugin. -->","yoast_head_json":{"title":"Urlaubszeit, Lebenszeit\u2026 - was ist mein perfekter Urlaub? - ABSOLVENTENAKADEMIE","robots":{"index":"index","follow":"follow","max-snippet":"max-snippet:-1","max-image-preview":"max-image-preview:large","max-video-preview":"max-video-preview:-1"},"canonical":"https:\/\/www.absolventenakademie.at\/index.php\/urlaubszeit-lebenszeit-was-ist-mein-perfekter-urlaub\/","og_locale":"de_DE","og_type":"article","og_title":"Urlaubszeit, Lebenszeit\u2026 - was ist mein perfekter Urlaub? - ABSOLVENTENAKADEMIE","og_description":"Avatar-Urlaub \u2013 Pers\u00f6nlichkeit ja, Person nicht unbedingt! K\u00fcnstliche Charaktere, die einer Person an deren Stelle zugeordnet werden, kennen wir nicht nur aus Internet-Games. Auch au\u00dferhalb der virtuellen Welt werden sie mehr und mehr: Platzhalter, Stellvertreter, Aliase, die Dinge an unserer Stelle f\u00fcr uns tun \u2013 und nicht blo\u00df die unliebsamen! Wer keinen Mumm f\u00fcr Extremsport... Read More","og_url":"https:\/\/www.absolventenakademie.at\/index.php\/urlaubszeit-lebenszeit-was-ist-mein-perfekter-urlaub\/","og_site_name":"ABSOLVENTENAKADEMIE","article_publisher":"https:\/\/www.facebook.com\/AbsolventenakademieWien","article_published_time":"2015-06-26T05:57:58+00:00","article_modified_time":"2015-10-22T13:31:27+00:00","og_image":[{"width":1024,"height":768,"url":"https:\/\/www.absolventenakademie.at\/wp-content\/uploads\/2015\/06\/sand-sculpture-677790_1920-1024x768.jpg","type":"image\/jpeg"}],"author":"Ren\u00e9 Merten","twitter_card":"summary_large_image","twitter_misc":{"Verfasst von":"Ren\u00e9 Merten","Gesch\u00e4tzte Lesezeit":"6\u00a0Minuten"},"schema":{"@context":"https:\/\/schema.org","@graph":[{"@type":"Article","@id":"https:\/\/www.absolventenakademie.at\/index.php\/urlaubszeit-lebenszeit-was-ist-mein-perfekter-urlaub\/#article","isPartOf":{"@id":"https:\/\/www.absolventenakademie.at\/index.php\/urlaubszeit-lebenszeit-was-ist-mein-perfekter-urlaub\/"},"author":{"name":"Ren\u00e9 Merten","@id":"https:\/\/www.absolventenakademie.at\/#\/schema\/person\/1cabedea516b57a792d8606ae880e074"},"headline":"Urlaubszeit, Lebenszeit\u2026 &#8211; was ist mein perfekter Urlaub?","datePublished":"2015-06-26T05:57:58+00:00","dateModified":"2015-10-22T13:31:27+00:00","mainEntityOfPage":{"@id":"https:\/\/www.absolventenakademie.at\/index.php\/urlaubszeit-lebenszeit-was-ist-mein-perfekter-urlaub\/"},"wordCount":1157,"image":{"@id":"https:\/\/www.absolventenakademie.at\/index.php\/urlaubszeit-lebenszeit-was-ist-mein-perfekter-urlaub\/#primaryimage"},"thumbnailUrl":"https:\/\/www.absolventenakademie.at\/wp-content\/uploads\/2015\/06\/sand-sculpture-677790_1920-1024x768.jpg","articleSection":{"0":"Aktuelles","2":"Leben","3":"Pers\u00f6nlichkeit","4":"Zeit"},"inLanguage":"de"},{"@type":"WebPage","@id":"https:\/\/www.absolventenakademie.at\/index.php\/urlaubszeit-lebenszeit-was-ist-mein-perfekter-urlaub\/","url":"https:\/\/www.absolventenakademie.at\/index.php\/urlaubszeit-lebenszeit-was-ist-mein-perfekter-urlaub\/","name":"Urlaubszeit, Lebenszeit\u2026 - was ist mein perfekter Urlaub? - ABSOLVENTENAKADEMIE","isPartOf":{"@id":"https:\/\/www.absolventenakademie.at\/#website"},"primaryImageOfPage":{"@id":"https:\/\/www.absolventenakademie.at\/index.php\/urlaubszeit-lebenszeit-was-ist-mein-perfekter-urlaub\/#primaryimage"},"image":{"@id":"https:\/\/www.absolventenakademie.at\/index.php\/urlaubszeit-lebenszeit-was-ist-mein-perfekter-urlaub\/#primaryimage"},"thumbnailUrl":"https:\/\/www.absolventenakademie.at\/wp-content\/uploads\/2015\/06\/sand-sculpture-677790_1920-1024x768.jpg","datePublished":"2015-06-26T05:57:58+00:00","dateModified":"2015-10-22T13:31:27+00:00","author":{"@id":"https:\/\/www.absolventenakademie.at\/#\/schema\/person\/1cabedea516b57a792d8606ae880e074"},"breadcrumb":{"@id":"https:\/\/www.absolventenakademie.at\/index.php\/urlaubszeit-lebenszeit-was-ist-mein-perfekter-urlaub\/#breadcrumb"},"inLanguage":"de","potentialAction":[{"@type":"ReadAction","target":["https:\/\/www.absolventenakademie.at\/index.php\/urlaubszeit-lebenszeit-was-ist-mein-perfekter-urlaub\/"]}]},{"@type":"ImageObject","inLanguage":"de","@id":"https:\/\/www.absolventenakademie.at\/index.php\/urlaubszeit-lebenszeit-was-ist-mein-perfekter-urlaub\/#primaryimage","url":"https:\/\/www.absolventenakademie.at\/wp-content\/uploads\/2015\/06\/sand-sculpture-677790_1920-1024x768.jpg","contentUrl":"https:\/\/www.absolventenakademie.at\/wp-content\/uploads\/2015\/06\/sand-sculpture-677790_1920-1024x768.jpg","width":1024,"height":768},{"@type":"BreadcrumbList","@id":"https:\/\/www.absolventenakademie.at\/index.php\/urlaubszeit-lebenszeit-was-ist-mein-perfekter-urlaub\/#breadcrumb","itemListElement":[{"@type":"ListItem","position":1,"name":"Home","item":"https:\/\/www.absolventenakademie.at\/"},{"@type":"ListItem","position":2,"name":"Urlaubszeit, Lebenszeit\u2026 &#8211; was ist mein perfekter Urlaub?"}]},{"@type":"WebSite","@id":"https:\/\/www.absolventenakademie.at\/#website","url":"https:\/\/www.absolventenakademie.at\/","name":"ABSOLVENTENAKADEMIE","description":"Pers\u00f6nlichkeitsentwicklung f\u00fcr Studierende und Hochschulabsolventen","potentialAction":[{"@type":"SearchAction","target":{"@type":"EntryPoint","urlTemplate":"https:\/\/www.absolventenakademie.at\/?s={search_term_string}"},"query-input":{"@type":"PropertyValueSpecification","valueRequired":true,"valueName":"search_term_string"}}],"inLanguage":"de"},{"@type":"Person","@id":"https:\/\/www.absolventenakademie.at\/#\/schema\/person\/1cabedea516b57a792d8606ae880e074","name":"Ren\u00e9 Merten","image":{"@type":"ImageObject","inLanguage":"de","@id":"https:\/\/secure.gravatar.com\/avatar\/ed266dba4e8ebd7a3c11ab14481f84079775aa25dd4cf33b1e4dfd5b470c033b?s=96&d=mm&r=g","url":"https:\/\/secure.gravatar.com\/avatar\/ed266dba4e8ebd7a3c11ab14481f84079775aa25dd4cf33b1e4dfd5b470c033b?s=96&d=mm&r=g","contentUrl":"https:\/\/secure.gravatar.com\/avatar\/ed266dba4e8ebd7a3c11ab14481f84079775aa25dd4cf33b1e4dfd5b470c033b?s=96&d=mm&r=g","caption":"Ren\u00e9 Merten"},"description":"Akademischer Leiter, gesch\u00e4ftsf\u00fchrender Inhaber und Trainer","url":"https:\/\/www.absolventenakademie.at\/index.php\/author\/rene\/"}]}},"_links":{"self":[{"href":"https:\/\/www.absolventenakademie.at\/index.php\/wp-json\/wp\/v2\/posts\/1411","targetHints":{"allow":["GET"]}}],"collection":[{"href":"https:\/\/www.absolventenakademie.at\/index.php\/wp-json\/wp\/v2\/posts"}],"about":[{"href":"https:\/\/www.absolventenakademie.at\/index.php\/wp-json\/wp\/v2\/types\/post"}],"author":[{"embeddable":true,"href":"https:\/\/www.absolventenakademie.at\/index.php\/wp-json\/wp\/v2\/users\/9"}],"replies":[{"embeddable":true,"href":"https:\/\/www.absolventenakademie.at\/index.php\/wp-json\/wp\/v2\/comments?post=1411"}],"version-history":[{"count":4,"href":"https:\/\/www.absolventenakademie.at\/index.php\/wp-json\/wp\/v2\/posts\/1411\/revisions"}],"predecessor-version":[{"id":6049,"href":"https:\/\/www.absolventenakademie.at\/index.php\/wp-json\/wp\/v2\/posts\/1411\/revisions\/6049"}],"wp:featuredmedia":[{"embeddable":true,"href":"https:\/\/www.absolventenakademie.at\/index.php\/wp-json\/wp\/v2\/media\/4788"}],"wp:attachment":[{"href":"https:\/\/www.absolventenakademie.at\/index.php\/wp-json\/wp\/v2\/media?parent=1411"}],"wp:term":[{"taxonomy":"category","embeddable":true,"href":"https:\/\/www.absolventenakademie.at\/index.php\/wp-json\/wp\/v2\/categories?post=1411"},{"taxonomy":"post_tag","embeddable":true,"href":"https:\/\/www.absolventenakademie.at\/index.php\/wp-json\/wp\/v2\/tags?post=1411"}],"curies":[{"name":"wp","href":"https:\/\/api.w.org\/{rel}","templated":true}]}}