{"id":18185,"date":"2021-03-17T10:16:19","date_gmt":"2021-03-17T09:16:19","guid":{"rendered":"https:\/\/www.absolventenakademie.at\/?p=18185"},"modified":"2021-03-17T10:18:25","modified_gmt":"2021-03-17T09:18:25","slug":"ob-sportprogramm-im-freien-oder-gartenbegruenung-deine-persoenlichen-fruehlingsprojekte-stehen-in-den-startloechern","status":"publish","type":"post","link":"https:\/\/www.absolventenakademie.at\/index.php\/ob-sportprogramm-im-freien-oder-gartenbegruenung-deine-persoenlichen-fruehlingsprojekte-stehen-in-den-startloechern\/","title":{"rendered":"Ob Sportprogramm im Freien oder Gartenbegr\u00fcnung &#8211; Ihre pers\u00f6nlichen Fr\u00fchlingsprojekte stehen in den Startl\u00f6chern!"},"content":{"rendered":"<p>Projekte gibt es in den unterschiedlichsten Formen und Auspr\u00e4gungen.<\/p>\n<p>Doch bei <strong>pers\u00f6nlichen Projekten<\/strong> gibt es einige Besonderheiten und Faktoren, warum diese oft nicht wie gew\u00fcnscht zum Erfolg f\u00fchren. Die beiden neuen B\u00e4nde 4 und 5 zum Projektmanagement sind ganz auf Ihr individuelles Projekt zugeschnitten &#8211; ohne Business-Sprech, Management-Floskeln oder komplizierten Techniken. Damit gelingt Ihr Projekt spielend, mit <strong>erprobten Tools aus dem Projektmanagement!<\/strong><\/p>\n<p><a href=\"https:\/\/www.absolventenakademie.at\/wp-content\/uploads\/2021\/03\/merten_bd5_MockUp.png\"><img loading=\"lazy\" decoding=\"async\" class=\"alignleft wp-image-18190\" src=\"https:\/\/www.absolventenakademie.at\/wp-content\/uploads\/2021\/03\/merten_bd5_MockUp-300x300.png\" alt=\"\" width=\"111\" height=\"111\" srcset=\"https:\/\/www.absolventenakademie.at\/wp-content\/uploads\/2021\/03\/merten_bd5_MockUp-300x300.png 300w, https:\/\/www.absolventenakademie.at\/wp-content\/uploads\/2021\/03\/merten_bd5_MockUp-150x150.png 150w, https:\/\/www.absolventenakademie.at\/wp-content\/uploads\/2021\/03\/merten_bd5_MockUp-768x768.png 768w, https:\/\/www.absolventenakademie.at\/wp-content\/uploads\/2021\/03\/merten_bd5_MockUp-1024x1024.png 1024w, https:\/\/www.absolventenakademie.at\/wp-content\/uploads\/2021\/03\/merten_bd5_MockUp-400x400.png 400w, https:\/\/www.absolventenakademie.at\/wp-content\/uploads\/2021\/03\/merten_bd5_MockUp.png 1840w\" sizes=\"auto, (max-width: 111px) 100vw, 111px\" \/><\/a>In Band 4: &#8222;Dem K\u00f6rper Gutes tun&#8220; dreht sich alles um Ihre Gesundheit und Fitness Wollen Sie einen <strong>Halbmarathon laufen, <\/strong>Ihr <strong>Gewicht reduzieren <\/strong>oder <strong>mit dem Rauchen aufh\u00f6ren<\/strong>?\u00a0<strong><br \/>\n<\/strong><\/p>\n<p>Dann finden Sie hier Rat, Anregungen und typische Projektsituationen wie dem &#8222;inneren Schweinehund&#8220; respektvoll zu begegnen, den eigenen Bed\u00fcrfnisse des K\u00f6rpers nachzugehen oder mental gest\u00e4rkt in sportliche Herausforderung zu meistern.<\/p>\n<p><a href=\"https:\/\/www.absolventenakademie.at\/wp-content\/uploads\/2021\/03\/merten_bd6_MockUp.png\"><img loading=\"lazy\" decoding=\"async\" class=\" wp-image-18191 alignright\" src=\"https:\/\/www.absolventenakademie.at\/wp-content\/uploads\/2021\/03\/merten_bd6_MockUp-300x300.png\" alt=\"\" width=\"111\" height=\"111\" srcset=\"https:\/\/www.absolventenakademie.at\/wp-content\/uploads\/2021\/03\/merten_bd6_MockUp-300x300.png 300w, https:\/\/www.absolventenakademie.at\/wp-content\/uploads\/2021\/03\/merten_bd6_MockUp-150x150.png 150w, https:\/\/www.absolventenakademie.at\/wp-content\/uploads\/2021\/03\/merten_bd6_MockUp-768x768.png 768w, https:\/\/www.absolventenakademie.at\/wp-content\/uploads\/2021\/03\/merten_bd6_MockUp-1024x1024.png 1024w, https:\/\/www.absolventenakademie.at\/wp-content\/uploads\/2021\/03\/merten_bd6_MockUp-400x400.png 400w, https:\/\/www.absolventenakademie.at\/wp-content\/uploads\/2021\/03\/merten_bd6_MockUp.png 1840w\" sizes=\"auto, (max-width: 111px) 100vw, 111px\" \/><\/a>In Band 5: &#8222;In Heim und Garten werken&#8220; geht es um Ihre Lust, handwerklich zu gestalten.\u00a0Wollen Sie<strong> einen Gartenteich anlegen, <\/strong>das\u00a0<strong>Haus renovieren <\/strong>oder <strong>Guerilla Gardening <\/strong>im \u00f6ffentlichen Stadtraum betreiben?<\/p>\n<p>Dann finden Sie hier Ideen, Tricks und typische Projektsituationen wie den Umgang mit der (wechselhaften) Natur, die Logistik beim Dachgeschossausbau oder die kommunikativen Schwierigkeiten bei der Begr\u00fcnung \u00f6ffentlicher R\u00e4ume.<\/p>\n<p>Anhand von drei prototypischen Projektbeispielen wird stets alles, was zum Erfolg n\u00f6tig ist, Schritt f\u00fcr Schritt nachvollzogen, mit praktischen Tipps und einfachen Tools: <strong>Von der Projektplanung \u00fcber die Teamarbeit bis hin zum Umgang mit Hindernissen und der pers\u00f6nlichen Motivation<\/strong>.<\/p>\n<p>Na, Lust auf Ihr Fr\u00fchlingsprojekt bekommen? Dann <strong>klicken Sie auf das folgende Bild<\/strong>, schm\u00f6kern Sie rein und sagen Sie uns Ihre Meinung:<\/p>\n<p><a href=\"https:\/\/www.facultas.at\/list?autor=Ren%C3%A9+Merten\" target=\"_blank\" rel=\"noopener\"><img loading=\"lazy\" decoding=\"async\" class=\"alignleft wp-image-13760 size-medium\" src=\"https:\/\/www.absolventenakademie.at\/wp-content\/uploads\/2020\/10\/1200xxfit-300x112.jpg\" alt=\"\" width=\"300\" height=\"112\" srcset=\"https:\/\/www.absolventenakademie.at\/wp-content\/uploads\/2020\/10\/1200xxfit-300x112.jpg 300w, https:\/\/www.absolventenakademie.at\/wp-content\/uploads\/2020\/10\/1200xxfit-768x287.jpg 768w, https:\/\/www.absolventenakademie.at\/wp-content\/uploads\/2020\/10\/1200xxfit-1024x382.jpg 1024w, https:\/\/www.absolventenakademie.at\/wp-content\/uploads\/2020\/10\/1200xxfit.jpg 1200w\" sizes=\"auto, (max-width: 300px) 100vw, 300px\" \/><\/a><\/p>\n","protected":false},"excerpt":{"rendered":"<p>Projekte gibt es in den unterschiedlichsten Formen und Auspr\u00e4gungen. Doch bei pers\u00f6nlichen Projekten gibt es einige Besonderheiten und Faktoren, warum diese oft nicht wie gew\u00fcnscht zum Erfolg f\u00fchren. Die beiden neuen B\u00e4nde 4 und 5 zum Projektmanagement sind ganz auf Ihr individuelles Projekt zugeschnitten &#8211; ohne Business-Sprech, Management-Floskeln oder komplizierten Techniken. Damit gelingt Ihr Projekt&#8230; <\/p>\n<div class=\"clear\"><\/div>\n<p><a href=\"https:\/\/www.absolventenakademie.at\/index.php\/ob-sportprogramm-im-freien-oder-gartenbegruenung-deine-persoenlichen-fruehlingsprojekte-stehen-in-den-startloechern\/\" class=\"gdlr-button with-border excerpt-read-more\">Read More<\/a><\/p>\n","protected":false},"author":9,"featured_media":18188,"comment_status":"closed","ping_status":"open","sticky":false,"template":"","format":"standard","meta":{"footnotes":""},"categories":[1,88,76],"tags":[],"class_list":["post-18185","post","type-post","status-publish","format-standard","has-post-thumbnail","hentry","category-allgemein","category-leben","category-persoenlichkeit"],"yoast_head":"<!-- This site is optimized with the Yoast SEO plugin v27.2 - https:\/\/yoast.com\/product\/yoast-seo-wordpress\/ -->\n<title>Ob Sportprogramm im Freien oder Gartenbegr\u00fcnung - Ihre pers\u00f6nlichen Fr\u00fchlingsprojekte stehen in den Startl\u00f6chern! - ABSOLVENTENAKADEMIE<\/title>\n<meta name=\"robots\" content=\"index, follow, max-snippet:-1, max-image-preview:large, max-video-preview:-1\" \/>\n<link rel=\"canonical\" href=\"https:\/\/www.absolventenakademie.at\/index.php\/ob-sportprogramm-im-freien-oder-gartenbegruenung-deine-persoenlichen-fruehlingsprojekte-stehen-in-den-startloechern\/\" \/>\n<meta property=\"og:locale\" content=\"de_DE\" \/>\n<meta property=\"og:type\" content=\"article\" \/>\n<meta property=\"og:title\" content=\"Ob Sportprogramm im Freien oder Gartenbegr\u00fcnung - Ihre pers\u00f6nlichen Fr\u00fchlingsprojekte stehen in den Startl\u00f6chern! - ABSOLVENTENAKADEMIE\" \/>\n<meta property=\"og:description\" content=\"Projekte gibt es in den unterschiedlichsten Formen und Auspr\u00e4gungen. Doch bei pers\u00f6nlichen Projekten gibt es einige Besonderheiten und Faktoren, warum diese oft nicht wie gew\u00fcnscht zum Erfolg f\u00fchren. Die beiden neuen B\u00e4nde 4 und 5 zum Projektmanagement sind ganz auf Ihr individuelles Projekt zugeschnitten &#8211; ohne Business-Sprech, Management-Floskeln oder komplizierten Techniken. Damit gelingt Ihr Projekt... Read More\" \/>\n<meta property=\"og:url\" content=\"https:\/\/www.absolventenakademie.at\/index.php\/ob-sportprogramm-im-freien-oder-gartenbegruenung-deine-persoenlichen-fruehlingsprojekte-stehen-in-den-startloechern\/\" \/>\n<meta property=\"og:site_name\" content=\"ABSOLVENTENAKADEMIE\" \/>\n<meta property=\"article:publisher\" content=\"https:\/\/www.facebook.com\/AbsolventenakademieWien\" \/>\n<meta property=\"article:published_time\" content=\"2021-03-17T09:16:19+00:00\" \/>\n<meta property=\"article:modified_time\" content=\"2021-03-17T09:18:25+00:00\" \/>\n<meta property=\"og:image\" content=\"https:\/\/www.absolventenakademie.at\/wp-content\/uploads\/2021\/03\/Band-5-6.jpg\" \/>\n\t<meta property=\"og:image:width\" content=\"2480\" \/>\n\t<meta property=\"og:image:height\" content=\"874\" \/>\n\t<meta property=\"og:image:type\" content=\"image\/jpeg\" \/>\n<meta name=\"author\" content=\"Ren\u00e9 Merten\" \/>\n<meta name=\"twitter:card\" content=\"summary_large_image\" \/>\n<meta name=\"twitter:label1\" content=\"Verfasst von\" \/>\n\t<meta name=\"twitter:data1\" content=\"Ren\u00e9 Merten\" \/>\n\t<meta name=\"twitter:label2\" content=\"Gesch\u00e4tzte Lesezeit\" \/>\n\t<meta name=\"twitter:data2\" content=\"1\u00a0Minute\" \/>\n<script type=\"application\/ld+json\" class=\"yoast-schema-graph\">{\"@context\":\"https:\/\/schema.org\",\"@graph\":[{\"@type\":\"Article\",\"@id\":\"https:\/\/www.absolventenakademie.at\/index.php\/ob-sportprogramm-im-freien-oder-gartenbegruenung-deine-persoenlichen-fruehlingsprojekte-stehen-in-den-startloechern\/#article\",\"isPartOf\":{\"@id\":\"https:\/\/www.absolventenakademie.at\/index.php\/ob-sportprogramm-im-freien-oder-gartenbegruenung-deine-persoenlichen-fruehlingsprojekte-stehen-in-den-startloechern\/\"},\"author\":{\"name\":\"Ren\u00e9 Merten\",\"@id\":\"https:\/\/www.absolventenakademie.at\/#\/schema\/person\/1cabedea516b57a792d8606ae880e074\"},\"headline\":\"Ob Sportprogramm im Freien oder Gartenbegr\u00fcnung &#8211; Ihre pers\u00f6nlichen Fr\u00fchlingsprojekte stehen in den Startl\u00f6chern!\",\"datePublished\":\"2021-03-17T09:16:19+00:00\",\"dateModified\":\"2021-03-17T09:18:25+00:00\",\"mainEntityOfPage\":{\"@id\":\"https:\/\/www.absolventenakademie.at\/index.php\/ob-sportprogramm-im-freien-oder-gartenbegruenung-deine-persoenlichen-fruehlingsprojekte-stehen-in-den-startloechern\/\"},\"wordCount\":272,\"image\":{\"@id\":\"https:\/\/www.absolventenakademie.at\/index.php\/ob-sportprogramm-im-freien-oder-gartenbegruenung-deine-persoenlichen-fruehlingsprojekte-stehen-in-den-startloechern\/#primaryimage\"},\"thumbnailUrl\":\"https:\/\/www.absolventenakademie.at\/wp-content\/uploads\/2021\/03\/Band-5-6.jpg\",\"articleSection\":{\"1\":\"Leben\",\"2\":\"Pers\u00f6nlichkeit\"},\"inLanguage\":\"de\"},{\"@type\":\"WebPage\",\"@id\":\"https:\/\/www.absolventenakademie.at\/index.php\/ob-sportprogramm-im-freien-oder-gartenbegruenung-deine-persoenlichen-fruehlingsprojekte-stehen-in-den-startloechern\/\",\"url\":\"https:\/\/www.absolventenakademie.at\/index.php\/ob-sportprogramm-im-freien-oder-gartenbegruenung-deine-persoenlichen-fruehlingsprojekte-stehen-in-den-startloechern\/\",\"name\":\"Ob Sportprogramm im Freien oder Gartenbegr\u00fcnung - Ihre pers\u00f6nlichen Fr\u00fchlingsprojekte stehen in den Startl\u00f6chern! - ABSOLVENTENAKADEMIE\",\"isPartOf\":{\"@id\":\"https:\/\/www.absolventenakademie.at\/#website\"},\"primaryImageOfPage\":{\"@id\":\"https:\/\/www.absolventenakademie.at\/index.php\/ob-sportprogramm-im-freien-oder-gartenbegruenung-deine-persoenlichen-fruehlingsprojekte-stehen-in-den-startloechern\/#primaryimage\"},\"image\":{\"@id\":\"https:\/\/www.absolventenakademie.at\/index.php\/ob-sportprogramm-im-freien-oder-gartenbegruenung-deine-persoenlichen-fruehlingsprojekte-stehen-in-den-startloechern\/#primaryimage\"},\"thumbnailUrl\":\"https:\/\/www.absolventenakademie.at\/wp-content\/uploads\/2021\/03\/Band-5-6.jpg\",\"datePublished\":\"2021-03-17T09:16:19+00:00\",\"dateModified\":\"2021-03-17T09:18:25+00:00\",\"author\":{\"@id\":\"https:\/\/www.absolventenakademie.at\/#\/schema\/person\/1cabedea516b57a792d8606ae880e074\"},\"breadcrumb\":{\"@id\":\"https:\/\/www.absolventenakademie.at\/index.php\/ob-sportprogramm-im-freien-oder-gartenbegruenung-deine-persoenlichen-fruehlingsprojekte-stehen-in-den-startloechern\/#breadcrumb\"},\"inLanguage\":\"de\",\"potentialAction\":[{\"@type\":\"ReadAction\",\"target\":[\"https:\/\/www.absolventenakademie.at\/index.php\/ob-sportprogramm-im-freien-oder-gartenbegruenung-deine-persoenlichen-fruehlingsprojekte-stehen-in-den-startloechern\/\"]}]},{\"@type\":\"ImageObject\",\"inLanguage\":\"de\",\"@id\":\"https:\/\/www.absolventenakademie.at\/index.php\/ob-sportprogramm-im-freien-oder-gartenbegruenung-deine-persoenlichen-fruehlingsprojekte-stehen-in-den-startloechern\/#primaryimage\",\"url\":\"https:\/\/www.absolventenakademie.at\/wp-content\/uploads\/2021\/03\/Band-5-6.jpg\",\"contentUrl\":\"https:\/\/www.absolventenakademie.at\/wp-content\/uploads\/2021\/03\/Band-5-6.jpg\",\"width\":2480,\"height\":874},{\"@type\":\"BreadcrumbList\",\"@id\":\"https:\/\/www.absolventenakademie.at\/index.php\/ob-sportprogramm-im-freien-oder-gartenbegruenung-deine-persoenlichen-fruehlingsprojekte-stehen-in-den-startloechern\/#breadcrumb\",\"itemListElement\":[{\"@type\":\"ListItem\",\"position\":1,\"name\":\"Home\",\"item\":\"https:\/\/www.absolventenakademie.at\/\"},{\"@type\":\"ListItem\",\"position\":2,\"name\":\"Ob Sportprogramm im Freien oder Gartenbegr\u00fcnung &#8211; Ihre pers\u00f6nlichen Fr\u00fchlingsprojekte stehen in den Startl\u00f6chern!\"}]},{\"@type\":\"WebSite\",\"@id\":\"https:\/\/www.absolventenakademie.at\/#website\",\"url\":\"https:\/\/www.absolventenakademie.at\/\",\"name\":\"ABSOLVENTENAKADEMIE\",\"description\":\"Pers\u00f6nlichkeitsentwicklung f\u00fcr Studierende und Hochschulabsolventen\",\"potentialAction\":[{\"@type\":\"SearchAction\",\"target\":{\"@type\":\"EntryPoint\",\"urlTemplate\":\"https:\/\/www.absolventenakademie.at\/?s={search_term_string}\"},\"query-input\":{\"@type\":\"PropertyValueSpecification\",\"valueRequired\":true,\"valueName\":\"search_term_string\"}}],\"inLanguage\":\"de\"},{\"@type\":\"Person\",\"@id\":\"https:\/\/www.absolventenakademie.at\/#\/schema\/person\/1cabedea516b57a792d8606ae880e074\",\"name\":\"Ren\u00e9 Merten\",\"image\":{\"@type\":\"ImageObject\",\"inLanguage\":\"de\",\"@id\":\"https:\/\/secure.gravatar.com\/avatar\/ed266dba4e8ebd7a3c11ab14481f84079775aa25dd4cf33b1e4dfd5b470c033b?s=96&d=mm&r=g\",\"url\":\"https:\/\/secure.gravatar.com\/avatar\/ed266dba4e8ebd7a3c11ab14481f84079775aa25dd4cf33b1e4dfd5b470c033b?s=96&d=mm&r=g\",\"contentUrl\":\"https:\/\/secure.gravatar.com\/avatar\/ed266dba4e8ebd7a3c11ab14481f84079775aa25dd4cf33b1e4dfd5b470c033b?s=96&d=mm&r=g\",\"caption\":\"Ren\u00e9 Merten\"},\"description\":\"Akademischer Leiter, gesch\u00e4ftsf\u00fchrender Inhaber und Trainer\",\"url\":\"https:\/\/www.absolventenakademie.at\/index.php\/author\/rene\/\"}]}<\/script>\n<!-- \/ Yoast SEO plugin. -->","yoast_head_json":{"title":"Ob Sportprogramm im Freien oder Gartenbegr\u00fcnung - Ihre pers\u00f6nlichen Fr\u00fchlingsprojekte stehen in den Startl\u00f6chern! - ABSOLVENTENAKADEMIE","robots":{"index":"index","follow":"follow","max-snippet":"max-snippet:-1","max-image-preview":"max-image-preview:large","max-video-preview":"max-video-preview:-1"},"canonical":"https:\/\/www.absolventenakademie.at\/index.php\/ob-sportprogramm-im-freien-oder-gartenbegruenung-deine-persoenlichen-fruehlingsprojekte-stehen-in-den-startloechern\/","og_locale":"de_DE","og_type":"article","og_title":"Ob Sportprogramm im Freien oder Gartenbegr\u00fcnung - Ihre pers\u00f6nlichen Fr\u00fchlingsprojekte stehen in den Startl\u00f6chern! - ABSOLVENTENAKADEMIE","og_description":"Projekte gibt es in den unterschiedlichsten Formen und Auspr\u00e4gungen. Doch bei pers\u00f6nlichen Projekten gibt es einige Besonderheiten und Faktoren, warum diese oft nicht wie gew\u00fcnscht zum Erfolg f\u00fchren. Die beiden neuen B\u00e4nde 4 und 5 zum Projektmanagement sind ganz auf Ihr individuelles Projekt zugeschnitten &#8211; ohne Business-Sprech, Management-Floskeln oder komplizierten Techniken. Damit gelingt Ihr Projekt... Read More","og_url":"https:\/\/www.absolventenakademie.at\/index.php\/ob-sportprogramm-im-freien-oder-gartenbegruenung-deine-persoenlichen-fruehlingsprojekte-stehen-in-den-startloechern\/","og_site_name":"ABSOLVENTENAKADEMIE","article_publisher":"https:\/\/www.facebook.com\/AbsolventenakademieWien","article_published_time":"2021-03-17T09:16:19+00:00","article_modified_time":"2021-03-17T09:18:25+00:00","og_image":[{"width":2480,"height":874,"url":"https:\/\/www.absolventenakademie.at\/wp-content\/uploads\/2021\/03\/Band-5-6.jpg","type":"image\/jpeg"}],"author":"Ren\u00e9 Merten","twitter_card":"summary_large_image","twitter_misc":{"Verfasst von":"Ren\u00e9 Merten","Gesch\u00e4tzte Lesezeit":"1\u00a0Minute"},"schema":{"@context":"https:\/\/schema.org","@graph":[{"@type":"Article","@id":"https:\/\/www.absolventenakademie.at\/index.php\/ob-sportprogramm-im-freien-oder-gartenbegruenung-deine-persoenlichen-fruehlingsprojekte-stehen-in-den-startloechern\/#article","isPartOf":{"@id":"https:\/\/www.absolventenakademie.at\/index.php\/ob-sportprogramm-im-freien-oder-gartenbegruenung-deine-persoenlichen-fruehlingsprojekte-stehen-in-den-startloechern\/"},"author":{"name":"Ren\u00e9 Merten","@id":"https:\/\/www.absolventenakademie.at\/#\/schema\/person\/1cabedea516b57a792d8606ae880e074"},"headline":"Ob Sportprogramm im Freien oder Gartenbegr\u00fcnung &#8211; Ihre pers\u00f6nlichen Fr\u00fchlingsprojekte stehen in den Startl\u00f6chern!","datePublished":"2021-03-17T09:16:19+00:00","dateModified":"2021-03-17T09:18:25+00:00","mainEntityOfPage":{"@id":"https:\/\/www.absolventenakademie.at\/index.php\/ob-sportprogramm-im-freien-oder-gartenbegruenung-deine-persoenlichen-fruehlingsprojekte-stehen-in-den-startloechern\/"},"wordCount":272,"image":{"@id":"https:\/\/www.absolventenakademie.at\/index.php\/ob-sportprogramm-im-freien-oder-gartenbegruenung-deine-persoenlichen-fruehlingsprojekte-stehen-in-den-startloechern\/#primaryimage"},"thumbnailUrl":"https:\/\/www.absolventenakademie.at\/wp-content\/uploads\/2021\/03\/Band-5-6.jpg","articleSection":{"1":"Leben","2":"Pers\u00f6nlichkeit"},"inLanguage":"de"},{"@type":"WebPage","@id":"https:\/\/www.absolventenakademie.at\/index.php\/ob-sportprogramm-im-freien-oder-gartenbegruenung-deine-persoenlichen-fruehlingsprojekte-stehen-in-den-startloechern\/","url":"https:\/\/www.absolventenakademie.at\/index.php\/ob-sportprogramm-im-freien-oder-gartenbegruenung-deine-persoenlichen-fruehlingsprojekte-stehen-in-den-startloechern\/","name":"Ob Sportprogramm im Freien oder Gartenbegr\u00fcnung - Ihre pers\u00f6nlichen Fr\u00fchlingsprojekte stehen in den Startl\u00f6chern! - ABSOLVENTENAKADEMIE","isPartOf":{"@id":"https:\/\/www.absolventenakademie.at\/#website"},"primaryImageOfPage":{"@id":"https:\/\/www.absolventenakademie.at\/index.php\/ob-sportprogramm-im-freien-oder-gartenbegruenung-deine-persoenlichen-fruehlingsprojekte-stehen-in-den-startloechern\/#primaryimage"},"image":{"@id":"https:\/\/www.absolventenakademie.at\/index.php\/ob-sportprogramm-im-freien-oder-gartenbegruenung-deine-persoenlichen-fruehlingsprojekte-stehen-in-den-startloechern\/#primaryimage"},"thumbnailUrl":"https:\/\/www.absolventenakademie.at\/wp-content\/uploads\/2021\/03\/Band-5-6.jpg","datePublished":"2021-03-17T09:16:19+00:00","dateModified":"2021-03-17T09:18:25+00:00","author":{"@id":"https:\/\/www.absolventenakademie.at\/#\/schema\/person\/1cabedea516b57a792d8606ae880e074"},"breadcrumb":{"@id":"https:\/\/www.absolventenakademie.at\/index.php\/ob-sportprogramm-im-freien-oder-gartenbegruenung-deine-persoenlichen-fruehlingsprojekte-stehen-in-den-startloechern\/#breadcrumb"},"inLanguage":"de","potentialAction":[{"@type":"ReadAction","target":["https:\/\/www.absolventenakademie.at\/index.php\/ob-sportprogramm-im-freien-oder-gartenbegruenung-deine-persoenlichen-fruehlingsprojekte-stehen-in-den-startloechern\/"]}]},{"@type":"ImageObject","inLanguage":"de","@id":"https:\/\/www.absolventenakademie.at\/index.php\/ob-sportprogramm-im-freien-oder-gartenbegruenung-deine-persoenlichen-fruehlingsprojekte-stehen-in-den-startloechern\/#primaryimage","url":"https:\/\/www.absolventenakademie.at\/wp-content\/uploads\/2021\/03\/Band-5-6.jpg","contentUrl":"https:\/\/www.absolventenakademie.at\/wp-content\/uploads\/2021\/03\/Band-5-6.jpg","width":2480,"height":874},{"@type":"BreadcrumbList","@id":"https:\/\/www.absolventenakademie.at\/index.php\/ob-sportprogramm-im-freien-oder-gartenbegruenung-deine-persoenlichen-fruehlingsprojekte-stehen-in-den-startloechern\/#breadcrumb","itemListElement":[{"@type":"ListItem","position":1,"name":"Home","item":"https:\/\/www.absolventenakademie.at\/"},{"@type":"ListItem","position":2,"name":"Ob Sportprogramm im Freien oder Gartenbegr\u00fcnung &#8211; Ihre pers\u00f6nlichen Fr\u00fchlingsprojekte stehen in den Startl\u00f6chern!"}]},{"@type":"WebSite","@id":"https:\/\/www.absolventenakademie.at\/#website","url":"https:\/\/www.absolventenakademie.at\/","name":"ABSOLVENTENAKADEMIE","description":"Pers\u00f6nlichkeitsentwicklung f\u00fcr Studierende und Hochschulabsolventen","potentialAction":[{"@type":"SearchAction","target":{"@type":"EntryPoint","urlTemplate":"https:\/\/www.absolventenakademie.at\/?s={search_term_string}"},"query-input":{"@type":"PropertyValueSpecification","valueRequired":true,"valueName":"search_term_string"}}],"inLanguage":"de"},{"@type":"Person","@id":"https:\/\/www.absolventenakademie.at\/#\/schema\/person\/1cabedea516b57a792d8606ae880e074","name":"Ren\u00e9 Merten","image":{"@type":"ImageObject","inLanguage":"de","@id":"https:\/\/secure.gravatar.com\/avatar\/ed266dba4e8ebd7a3c11ab14481f84079775aa25dd4cf33b1e4dfd5b470c033b?s=96&d=mm&r=g","url":"https:\/\/secure.gravatar.com\/avatar\/ed266dba4e8ebd7a3c11ab14481f84079775aa25dd4cf33b1e4dfd5b470c033b?s=96&d=mm&r=g","contentUrl":"https:\/\/secure.gravatar.com\/avatar\/ed266dba4e8ebd7a3c11ab14481f84079775aa25dd4cf33b1e4dfd5b470c033b?s=96&d=mm&r=g","caption":"Ren\u00e9 Merten"},"description":"Akademischer Leiter, gesch\u00e4ftsf\u00fchrender Inhaber und Trainer","url":"https:\/\/www.absolventenakademie.at\/index.php\/author\/rene\/"}]}},"_links":{"self":[{"href":"https:\/\/www.absolventenakademie.at\/index.php\/wp-json\/wp\/v2\/posts\/18185","targetHints":{"allow":["GET"]}}],"collection":[{"href":"https:\/\/www.absolventenakademie.at\/index.php\/wp-json\/wp\/v2\/posts"}],"about":[{"href":"https:\/\/www.absolventenakademie.at\/index.php\/wp-json\/wp\/v2\/types\/post"}],"author":[{"embeddable":true,"href":"https:\/\/www.absolventenakademie.at\/index.php\/wp-json\/wp\/v2\/users\/9"}],"replies":[{"embeddable":true,"href":"https:\/\/www.absolventenakademie.at\/index.php\/wp-json\/wp\/v2\/comments?post=18185"}],"version-history":[{"count":5,"href":"https:\/\/www.absolventenakademie.at\/index.php\/wp-json\/wp\/v2\/posts\/18185\/revisions"}],"predecessor-version":[{"id":18196,"href":"https:\/\/www.absolventenakademie.at\/index.php\/wp-json\/wp\/v2\/posts\/18185\/revisions\/18196"}],"wp:featuredmedia":[{"embeddable":true,"href":"https:\/\/www.absolventenakademie.at\/index.php\/wp-json\/wp\/v2\/media\/18188"}],"wp:attachment":[{"href":"https:\/\/www.absolventenakademie.at\/index.php\/wp-json\/wp\/v2\/media?parent=18185"}],"wp:term":[{"taxonomy":"category","embeddable":true,"href":"https:\/\/www.absolventenakademie.at\/index.php\/wp-json\/wp\/v2\/categories?post=18185"},{"taxonomy":"post_tag","embeddable":true,"href":"https:\/\/www.absolventenakademie.at\/index.php\/wp-json\/wp\/v2\/tags?post=18185"}],"curies":[{"name":"wp","href":"https:\/\/api.w.org\/{rel}","templated":true}]}}