{"id":6234,"date":"2015-12-16T16:06:34","date_gmt":"2015-12-16T15:06:34","guid":{"rendered":"https:\/\/www.absolventenakademie.at\/?p=6234"},"modified":"2015-12-19T17:36:58","modified_gmt":"2015-12-19T16:36:58","slug":"unternehmertreff_2015","status":"publish","type":"post","link":"https:\/\/www.absolventenakademie.at\/index.php\/unternehmertreff_2015\/","title":{"rendered":"Unternehmertreff 2015 bei Mentoring@WU &#8211; been there, done that!"},"content":{"rendered":"<p>Der neue WU-Campus am Prater soll ein modernes Universit\u00e4tskonzept widerspiegeln: Eine \u201e<a href=\"http:\/\/www.wu.ac.at\/campus\/\" target=\"_blank\">Universit\u00e4t der Zukunft<\/a>\u201c zum Lernen und Leben. Daneben\u00a0 soll auch ein Raum f\u00fcr offene Kommunikation, f\u00fcr gesellschaftliches und kulturelles Leben geschaffen werden, u.a. durch das Mentoring@WU-Programm.<\/p>\n<p><a href=\"https:\/\/www.absolventenakademie.at\/wp-content\/uploads\/2015\/12\/13.jpg\"><img loading=\"lazy\" decoding=\"async\" class=\"alignleft  wp-image-6240\" src=\"https:\/\/www.absolventenakademie.at\/wp-content\/uploads\/2015\/12\/13.jpg\" alt=\"1\" width=\"153\" height=\"142\" \/><\/a>Als gruppen\u00fcbergreifende Veranstaltung f\u00fcr das aktuelle Wintersemester 2015 gab es am 16.12. den allj\u00e4hrlichen &#8222;<strong>Unternehmertreff<\/strong>&#8222;, wo Studierende, Absolventen\/innen und junge Unternehmen ihre Ideen pr\u00e4sentieren und diskutieren konnten. Die <strong>ABSOLVENTENAKADEMIE <\/strong>durfte dieses Mal bei einem Auditorium von ca. 120 Personen zu Gast sein &#8211; sehr spannend!<\/p>\n<p>&nbsp;<\/p>\n<p><iframe loading=\"lazy\" width=\"960\" height=\"540\" src=\"https:\/\/www.youtube-nocookie.com\/embed\/uTpX3202brk?feature=oembed\" frameborder=\"0\" allow=\"autoplay; encrypted-media\" allowfullscreen><\/iframe><\/p>\n<p>Was hat mein Studium mit meinen <strong>Talenten <\/strong>zu tun?<br \/>\nWas erwarte ich von meinem <strong>Leben<\/strong>?<br \/>\nUnd was muss ich beim <strong>Gr\u00fcnden meines eigenen Unternehmens<\/strong> pers\u00f6nlich beachten?<\/p>\n<p>Diese und weitere Fragen der <strong>Pers\u00f6nlichkeitsentwicklung <\/strong>finden sich <a href=\"https:\/\/www.absolventenakademie.at\/wp-content\/uploads\/2015\/12\/Pr\u00e4sentation-WU-Unternehmertreffen-20151.zip\" target=\"_blank\">hier in den Pr\u00e4sentationsunterlagen zum Gratis-Download!<\/a><\/p>\n","protected":false},"excerpt":{"rendered":"<p>Der neue WU-Campus am Prater soll ein modernes Universit\u00e4tskonzept widerspiegeln: Eine \u201eUniversit\u00e4t der Zukunft\u201c zum Lernen und Leben. Daneben\u00a0 soll auch ein Raum f\u00fcr offene Kommunikation, f\u00fcr gesellschaftliches und kulturelles Leben geschaffen werden, u.a. durch das Mentoring@WU-Programm. Als gruppen\u00fcbergreifende Veranstaltung f\u00fcr das aktuelle Wintersemester 2015 gab es am 16.12. den allj\u00e4hrlichen &#8222;Unternehmertreff&#8222;, wo Studierende, Absolventen\/innen&#8230; <\/p>\n<div class=\"clear\"><\/div>\n<p><a href=\"https:\/\/www.absolventenakademie.at\/index.php\/unternehmertreff_2015\/\" class=\"gdlr-button with-border excerpt-read-more\">Read More<\/a><\/p>\n","protected":false},"author":9,"featured_media":6238,"comment_status":"closed","ping_status":"open","sticky":false,"template":"","format":"standard","meta":{"footnotes":""},"categories":[77,1,76],"tags":[],"class_list":["post-6234","post","type-post","status-publish","format-standard","has-post-thumbnail","hentry","category-aktuelles","category-allgemein","category-persoenlichkeit"],"yoast_head":"<!-- This site is optimized with the Yoast SEO plugin v27.2 - https:\/\/yoast.com\/product\/yoast-seo-wordpress\/ -->\n<title>Unternehmertreff 2015 bei Mentoring@WU - been there, done that! - ABSOLVENTENAKADEMIE<\/title>\n<meta name=\"robots\" content=\"index, follow, max-snippet:-1, max-image-preview:large, max-video-preview:-1\" \/>\n<link rel=\"canonical\" href=\"https:\/\/www.absolventenakademie.at\/index.php\/unternehmertreff_2015\/\" \/>\n<meta property=\"og:locale\" content=\"de_DE\" \/>\n<meta property=\"og:type\" content=\"article\" \/>\n<meta property=\"og:title\" content=\"Unternehmertreff 2015 bei Mentoring@WU - been there, done that! - ABSOLVENTENAKADEMIE\" \/>\n<meta property=\"og:description\" content=\"Der neue WU-Campus am Prater soll ein modernes Universit\u00e4tskonzept widerspiegeln: Eine \u201eUniversit\u00e4t der Zukunft\u201c zum Lernen und Leben. Daneben\u00a0 soll auch ein Raum f\u00fcr offene Kommunikation, f\u00fcr gesellschaftliches und kulturelles Leben geschaffen werden, u.a. durch das Mentoring@WU-Programm. Als gruppen\u00fcbergreifende Veranstaltung f\u00fcr das aktuelle Wintersemester 2015 gab es am 16.12. den allj\u00e4hrlichen &#8222;Unternehmertreff&#8222;, wo Studierende, Absolventen\/innen... Read More\" \/>\n<meta property=\"og:url\" content=\"https:\/\/www.absolventenakademie.at\/index.php\/unternehmertreff_2015\/\" \/>\n<meta property=\"og:site_name\" content=\"ABSOLVENTENAKADEMIE\" \/>\n<meta property=\"article:publisher\" content=\"https:\/\/www.facebook.com\/AbsolventenakademieWien\" \/>\n<meta property=\"article:published_time\" content=\"2015-12-16T15:06:34+00:00\" \/>\n<meta property=\"article:modified_time\" content=\"2015-12-19T16:36:58+00:00\" \/>\n<meta property=\"og:image\" content=\"https:\/\/www.absolventenakademie.at\/wp-content\/uploads\/2015\/12\/2-1024x771.jpg\" \/>\n\t<meta property=\"og:image:width\" content=\"1024\" \/>\n\t<meta property=\"og:image:height\" content=\"771\" \/>\n\t<meta property=\"og:image:type\" content=\"image\/jpeg\" \/>\n<meta name=\"author\" content=\"Ren\u00e9 Merten\" \/>\n<meta name=\"twitter:card\" content=\"summary_large_image\" \/>\n<meta name=\"twitter:label1\" content=\"Verfasst von\" \/>\n\t<meta name=\"twitter:data1\" content=\"Ren\u00e9 Merten\" \/>\n\t<meta name=\"twitter:label2\" content=\"Gesch\u00e4tzte Lesezeit\" \/>\n\t<meta name=\"twitter:data2\" content=\"1\u00a0Minute\" \/>\n<script type=\"application\/ld+json\" class=\"yoast-schema-graph\">{\"@context\":\"https:\/\/schema.org\",\"@graph\":[{\"@type\":\"Article\",\"@id\":\"https:\/\/www.absolventenakademie.at\/index.php\/unternehmertreff_2015\/#article\",\"isPartOf\":{\"@id\":\"https:\/\/www.absolventenakademie.at\/index.php\/unternehmertreff_2015\/\"},\"author\":{\"name\":\"Ren\u00e9 Merten\",\"@id\":\"https:\/\/www.absolventenakademie.at\/#\/schema\/person\/1cabedea516b57a792d8606ae880e074\"},\"headline\":\"Unternehmertreff 2015 bei Mentoring@WU &#8211; been there, done that!\",\"datePublished\":\"2015-12-16T15:06:34+00:00\",\"dateModified\":\"2015-12-19T16:36:58+00:00\",\"mainEntityOfPage\":{\"@id\":\"https:\/\/www.absolventenakademie.at\/index.php\/unternehmertreff_2015\/\"},\"wordCount\":149,\"image\":{\"@id\":\"https:\/\/www.absolventenakademie.at\/index.php\/unternehmertreff_2015\/#primaryimage\"},\"thumbnailUrl\":\"https:\/\/www.absolventenakademie.at\/wp-content\/uploads\/2015\/12\/2.jpg\",\"articleSection\":{\"0\":\"Aktuelles\",\"2\":\"Pers\u00f6nlichkeit\"},\"inLanguage\":\"de\"},{\"@type\":\"WebPage\",\"@id\":\"https:\/\/www.absolventenakademie.at\/index.php\/unternehmertreff_2015\/\",\"url\":\"https:\/\/www.absolventenakademie.at\/index.php\/unternehmertreff_2015\/\",\"name\":\"Unternehmertreff 2015 bei Mentoring@WU - been there, done that! - ABSOLVENTENAKADEMIE\",\"isPartOf\":{\"@id\":\"https:\/\/www.absolventenakademie.at\/#website\"},\"primaryImageOfPage\":{\"@id\":\"https:\/\/www.absolventenakademie.at\/index.php\/unternehmertreff_2015\/#primaryimage\"},\"image\":{\"@id\":\"https:\/\/www.absolventenakademie.at\/index.php\/unternehmertreff_2015\/#primaryimage\"},\"thumbnailUrl\":\"https:\/\/www.absolventenakademie.at\/wp-content\/uploads\/2015\/12\/2.jpg\",\"datePublished\":\"2015-12-16T15:06:34+00:00\",\"dateModified\":\"2015-12-19T16:36:58+00:00\",\"author\":{\"@id\":\"https:\/\/www.absolventenakademie.at\/#\/schema\/person\/1cabedea516b57a792d8606ae880e074\"},\"breadcrumb\":{\"@id\":\"https:\/\/www.absolventenakademie.at\/index.php\/unternehmertreff_2015\/#breadcrumb\"},\"inLanguage\":\"de\",\"potentialAction\":[{\"@type\":\"ReadAction\",\"target\":[\"https:\/\/www.absolventenakademie.at\/index.php\/unternehmertreff_2015\/\"]}]},{\"@type\":\"ImageObject\",\"inLanguage\":\"de\",\"@id\":\"https:\/\/www.absolventenakademie.at\/index.php\/unternehmertreff_2015\/#primaryimage\",\"url\":\"https:\/\/www.absolventenakademie.at\/wp-content\/uploads\/2015\/12\/2.jpg\",\"contentUrl\":\"https:\/\/www.absolventenakademie.at\/wp-content\/uploads\/2015\/12\/2.jpg\",\"width\":5032,\"height\":3790},{\"@type\":\"BreadcrumbList\",\"@id\":\"https:\/\/www.absolventenakademie.at\/index.php\/unternehmertreff_2015\/#breadcrumb\",\"itemListElement\":[{\"@type\":\"ListItem\",\"position\":1,\"name\":\"Home\",\"item\":\"https:\/\/www.absolventenakademie.at\/\"},{\"@type\":\"ListItem\",\"position\":2,\"name\":\"Unternehmertreff 2015 bei Mentoring@WU &#8211; been there, done that!\"}]},{\"@type\":\"WebSite\",\"@id\":\"https:\/\/www.absolventenakademie.at\/#website\",\"url\":\"https:\/\/www.absolventenakademie.at\/\",\"name\":\"ABSOLVENTENAKADEMIE\",\"description\":\"Pers\u00f6nlichkeitsentwicklung f\u00fcr Studierende und Hochschulabsolventen\",\"potentialAction\":[{\"@type\":\"SearchAction\",\"target\":{\"@type\":\"EntryPoint\",\"urlTemplate\":\"https:\/\/www.absolventenakademie.at\/?s={search_term_string}\"},\"query-input\":{\"@type\":\"PropertyValueSpecification\",\"valueRequired\":true,\"valueName\":\"search_term_string\"}}],\"inLanguage\":\"de\"},{\"@type\":\"Person\",\"@id\":\"https:\/\/www.absolventenakademie.at\/#\/schema\/person\/1cabedea516b57a792d8606ae880e074\",\"name\":\"Ren\u00e9 Merten\",\"image\":{\"@type\":\"ImageObject\",\"inLanguage\":\"de\",\"@id\":\"https:\/\/secure.gravatar.com\/avatar\/ed266dba4e8ebd7a3c11ab14481f84079775aa25dd4cf33b1e4dfd5b470c033b?s=96&d=mm&r=g\",\"url\":\"https:\/\/secure.gravatar.com\/avatar\/ed266dba4e8ebd7a3c11ab14481f84079775aa25dd4cf33b1e4dfd5b470c033b?s=96&d=mm&r=g\",\"contentUrl\":\"https:\/\/secure.gravatar.com\/avatar\/ed266dba4e8ebd7a3c11ab14481f84079775aa25dd4cf33b1e4dfd5b470c033b?s=96&d=mm&r=g\",\"caption\":\"Ren\u00e9 Merten\"},\"description\":\"Akademischer Leiter, gesch\u00e4ftsf\u00fchrender Inhaber und Trainer\",\"url\":\"https:\/\/www.absolventenakademie.at\/index.php\/author\/rene\/\"}]}<\/script>\n<!-- \/ Yoast SEO plugin. -->","yoast_head_json":{"title":"Unternehmertreff 2015 bei Mentoring@WU - been there, done that! - ABSOLVENTENAKADEMIE","robots":{"index":"index","follow":"follow","max-snippet":"max-snippet:-1","max-image-preview":"max-image-preview:large","max-video-preview":"max-video-preview:-1"},"canonical":"https:\/\/www.absolventenakademie.at\/index.php\/unternehmertreff_2015\/","og_locale":"de_DE","og_type":"article","og_title":"Unternehmertreff 2015 bei Mentoring@WU - been there, done that! - ABSOLVENTENAKADEMIE","og_description":"Der neue WU-Campus am Prater soll ein modernes Universit\u00e4tskonzept widerspiegeln: Eine \u201eUniversit\u00e4t der Zukunft\u201c zum Lernen und Leben. Daneben\u00a0 soll auch ein Raum f\u00fcr offene Kommunikation, f\u00fcr gesellschaftliches und kulturelles Leben geschaffen werden, u.a. durch das Mentoring@WU-Programm. Als gruppen\u00fcbergreifende Veranstaltung f\u00fcr das aktuelle Wintersemester 2015 gab es am 16.12. den allj\u00e4hrlichen &#8222;Unternehmertreff&#8222;, wo Studierende, Absolventen\/innen... Read More","og_url":"https:\/\/www.absolventenakademie.at\/index.php\/unternehmertreff_2015\/","og_site_name":"ABSOLVENTENAKADEMIE","article_publisher":"https:\/\/www.facebook.com\/AbsolventenakademieWien","article_published_time":"2015-12-16T15:06:34+00:00","article_modified_time":"2015-12-19T16:36:58+00:00","og_image":[{"width":1024,"height":771,"url":"https:\/\/www.absolventenakademie.at\/wp-content\/uploads\/2015\/12\/2-1024x771.jpg","type":"image\/jpeg"}],"author":"Ren\u00e9 Merten","twitter_card":"summary_large_image","twitter_misc":{"Verfasst von":"Ren\u00e9 Merten","Gesch\u00e4tzte Lesezeit":"1\u00a0Minute"},"schema":{"@context":"https:\/\/schema.org","@graph":[{"@type":"Article","@id":"https:\/\/www.absolventenakademie.at\/index.php\/unternehmertreff_2015\/#article","isPartOf":{"@id":"https:\/\/www.absolventenakademie.at\/index.php\/unternehmertreff_2015\/"},"author":{"name":"Ren\u00e9 Merten","@id":"https:\/\/www.absolventenakademie.at\/#\/schema\/person\/1cabedea516b57a792d8606ae880e074"},"headline":"Unternehmertreff 2015 bei Mentoring@WU &#8211; been there, done that!","datePublished":"2015-12-16T15:06:34+00:00","dateModified":"2015-12-19T16:36:58+00:00","mainEntityOfPage":{"@id":"https:\/\/www.absolventenakademie.at\/index.php\/unternehmertreff_2015\/"},"wordCount":149,"image":{"@id":"https:\/\/www.absolventenakademie.at\/index.php\/unternehmertreff_2015\/#primaryimage"},"thumbnailUrl":"https:\/\/www.absolventenakademie.at\/wp-content\/uploads\/2015\/12\/2.jpg","articleSection":{"0":"Aktuelles","2":"Pers\u00f6nlichkeit"},"inLanguage":"de"},{"@type":"WebPage","@id":"https:\/\/www.absolventenakademie.at\/index.php\/unternehmertreff_2015\/","url":"https:\/\/www.absolventenakademie.at\/index.php\/unternehmertreff_2015\/","name":"Unternehmertreff 2015 bei Mentoring@WU - been there, done that! - ABSOLVENTENAKADEMIE","isPartOf":{"@id":"https:\/\/www.absolventenakademie.at\/#website"},"primaryImageOfPage":{"@id":"https:\/\/www.absolventenakademie.at\/index.php\/unternehmertreff_2015\/#primaryimage"},"image":{"@id":"https:\/\/www.absolventenakademie.at\/index.php\/unternehmertreff_2015\/#primaryimage"},"thumbnailUrl":"https:\/\/www.absolventenakademie.at\/wp-content\/uploads\/2015\/12\/2.jpg","datePublished":"2015-12-16T15:06:34+00:00","dateModified":"2015-12-19T16:36:58+00:00","author":{"@id":"https:\/\/www.absolventenakademie.at\/#\/schema\/person\/1cabedea516b57a792d8606ae880e074"},"breadcrumb":{"@id":"https:\/\/www.absolventenakademie.at\/index.php\/unternehmertreff_2015\/#breadcrumb"},"inLanguage":"de","potentialAction":[{"@type":"ReadAction","target":["https:\/\/www.absolventenakademie.at\/index.php\/unternehmertreff_2015\/"]}]},{"@type":"ImageObject","inLanguage":"de","@id":"https:\/\/www.absolventenakademie.at\/index.php\/unternehmertreff_2015\/#primaryimage","url":"https:\/\/www.absolventenakademie.at\/wp-content\/uploads\/2015\/12\/2.jpg","contentUrl":"https:\/\/www.absolventenakademie.at\/wp-content\/uploads\/2015\/12\/2.jpg","width":5032,"height":3790},{"@type":"BreadcrumbList","@id":"https:\/\/www.absolventenakademie.at\/index.php\/unternehmertreff_2015\/#breadcrumb","itemListElement":[{"@type":"ListItem","position":1,"name":"Home","item":"https:\/\/www.absolventenakademie.at\/"},{"@type":"ListItem","position":2,"name":"Unternehmertreff 2015 bei Mentoring@WU &#8211; been there, done that!"}]},{"@type":"WebSite","@id":"https:\/\/www.absolventenakademie.at\/#website","url":"https:\/\/www.absolventenakademie.at\/","name":"ABSOLVENTENAKADEMIE","description":"Pers\u00f6nlichkeitsentwicklung f\u00fcr Studierende und Hochschulabsolventen","potentialAction":[{"@type":"SearchAction","target":{"@type":"EntryPoint","urlTemplate":"https:\/\/www.absolventenakademie.at\/?s={search_term_string}"},"query-input":{"@type":"PropertyValueSpecification","valueRequired":true,"valueName":"search_term_string"}}],"inLanguage":"de"},{"@type":"Person","@id":"https:\/\/www.absolventenakademie.at\/#\/schema\/person\/1cabedea516b57a792d8606ae880e074","name":"Ren\u00e9 Merten","image":{"@type":"ImageObject","inLanguage":"de","@id":"https:\/\/secure.gravatar.com\/avatar\/ed266dba4e8ebd7a3c11ab14481f84079775aa25dd4cf33b1e4dfd5b470c033b?s=96&d=mm&r=g","url":"https:\/\/secure.gravatar.com\/avatar\/ed266dba4e8ebd7a3c11ab14481f84079775aa25dd4cf33b1e4dfd5b470c033b?s=96&d=mm&r=g","contentUrl":"https:\/\/secure.gravatar.com\/avatar\/ed266dba4e8ebd7a3c11ab14481f84079775aa25dd4cf33b1e4dfd5b470c033b?s=96&d=mm&r=g","caption":"Ren\u00e9 Merten"},"description":"Akademischer Leiter, gesch\u00e4ftsf\u00fchrender Inhaber und Trainer","url":"https:\/\/www.absolventenakademie.at\/index.php\/author\/rene\/"}]}},"_links":{"self":[{"href":"https:\/\/www.absolventenakademie.at\/index.php\/wp-json\/wp\/v2\/posts\/6234","targetHints":{"allow":["GET"]}}],"collection":[{"href":"https:\/\/www.absolventenakademie.at\/index.php\/wp-json\/wp\/v2\/posts"}],"about":[{"href":"https:\/\/www.absolventenakademie.at\/index.php\/wp-json\/wp\/v2\/types\/post"}],"author":[{"embeddable":true,"href":"https:\/\/www.absolventenakademie.at\/index.php\/wp-json\/wp\/v2\/users\/9"}],"replies":[{"embeddable":true,"href":"https:\/\/www.absolventenakademie.at\/index.php\/wp-json\/wp\/v2\/comments?post=6234"}],"version-history":[{"count":5,"href":"https:\/\/www.absolventenakademie.at\/index.php\/wp-json\/wp\/v2\/posts\/6234\/revisions"}],"predecessor-version":[{"id":6259,"href":"https:\/\/www.absolventenakademie.at\/index.php\/wp-json\/wp\/v2\/posts\/6234\/revisions\/6259"}],"wp:featuredmedia":[{"embeddable":true,"href":"https:\/\/www.absolventenakademie.at\/index.php\/wp-json\/wp\/v2\/media\/6238"}],"wp:attachment":[{"href":"https:\/\/www.absolventenakademie.at\/index.php\/wp-json\/wp\/v2\/media?parent=6234"}],"wp:term":[{"taxonomy":"category","embeddable":true,"href":"https:\/\/www.absolventenakademie.at\/index.php\/wp-json\/wp\/v2\/categories?post=6234"},{"taxonomy":"post_tag","embeddable":true,"href":"https:\/\/www.absolventenakademie.at\/index.php\/wp-json\/wp\/v2\/tags?post=6234"}],"curies":[{"name":"wp","href":"https:\/\/api.w.org\/{rel}","templated":true}]}}