{"id":6591,"date":"2016-10-06T11:42:15","date_gmt":"2016-10-06T09:42:15","guid":{"rendered":"https:\/\/www.absolventenakademie.at\/?p=6591"},"modified":"2017-01-24T18:12:56","modified_gmt":"2017-01-24T17:12:56","slug":"fit-fuer-studium-und-karriere","status":"publish","type":"post","link":"https:\/\/www.absolventenakademie.at\/index.php\/fit-fuer-studium-und-karriere\/","title":{"rendered":"FIT F\u00dcR STUDIUM UND KARRIERE &#8211; ein Selbstcoaching-Ratgeber au\u00dferhalb von Optimierungswahn und esoterischer Selbstfindung"},"content":{"rendered":"<h4>Ern\u00e4hrung mit\u00a0einseitigen Lebenshilfen? &#8211; Ihre Pers\u00f6nlichkeit sind Sie!<\/h4>\n<div id=\"attachment_6638\" style=\"width: 310px\" class=\"wp-caption alignleft\"><a href=\"https:\/\/www.absolventenakademie.at\/wp-content\/uploads\/2016\/11\/bordeaux-963810_1920.jpg\"><img loading=\"lazy\" decoding=\"async\" aria-describedby=\"caption-attachment-6638\" class=\"size-medium wp-image-6638\" src=\"https:\/\/www.absolventenakademie.at\/wp-content\/uploads\/2016\/11\/bordeaux-963810_1920-300x222.jpg\" alt=\"Supertuning?\" width=\"300\" height=\"222\" srcset=\"https:\/\/www.absolventenakademie.at\/wp-content\/uploads\/2016\/11\/bordeaux-963810_1920-300x222.jpg 300w, https:\/\/www.absolventenakademie.at\/wp-content\/uploads\/2016\/11\/bordeaux-963810_1920-1024x759.jpg 1024w, https:\/\/www.absolventenakademie.at\/wp-content\/uploads\/2016\/11\/bordeaux-963810_1920.jpg 1855w\" sizes=\"auto, (max-width: 300px) 100vw, 300px\" \/><\/a><p id=\"caption-attachment-6638\" class=\"wp-caption-text\">Personality-Supertuning?<\/p><\/div>\n<p>Gute B\u00fccher gibt es viele; einige sorgen mit Management-Tipps f\u00fcr spannende Handlungseinblicke oder geben manch praktischen Lebensratschlag f\u00fcr den Alltag. Gerade auf dem <strong>Selbstcoaching-Buchmarkt<\/strong> treibt sich jedoch Manches herum, was gelegentlich an verzweifelte Di\u00e4t-Werbungen erinnert: Dauerhaft und gesund abnehmen ohne Sport, nur mit elektronischen Impulsen im faulen Sessel und einer einseitigen Ern\u00e4hrung aus\u00a0einem N\u00e4hrstoffbaustein? Ein sch\u00f6ner Traum &#8211; mit der Realit\u00e4t von Waage oder Blutfettwerten hat er wenig zu tun!<\/p>\n<p>\u00c4hnlich muten zahlreiche Versprechungen im Bereich <strong>Pers\u00f6nlichkeitsentwicklung<\/strong> an: &#8222;Richte dein Leben aus\u00a0nach dem YX-Prinzip aus und alles wird schlagartig gut!&#8220; Dem hinteren Wortstamm vorangestellt werden gerne fern\u00f6stliche Heilpflanzen, anmutige Tiere, traditionelle Kraftworte oder ein wissenschaftliche klingender Fachterminus. Das steigert nicht die Wirk-, aber die Aufmerksamkeit. Oft genug folgt der anf\u00e4nglichen Fokussierung die Reduzierung auf die jeweilige\u00a0Methode: Zweimal Yoga die Woche muss doch reichen, um wieder ins seelische Gleichgewicht zu kommen &#8211; <strong>Einseitigkeit als Pers\u00f6nlichkeitsmerkmal?<\/strong><\/p>\n<p>Gerne wiederhole ich an dieser Stelle, was\u00a0wir in\u00a0Workshops, Coachings und Beratungen stets betonen: Das &#8222;Prinzip&#8220; deiner Handlungen, Entscheidungen und Denkweisen bedarf weder eines\u00a0klingenden Neologismus noch ist es neu &#8211; es ist das \u00e4lteste der Welt. Und es hei\u00dft <strong>&#8222;ICH&#8220;<\/strong>! Das meint weder trivialen Egozentrismus noch entmutigende Einsamkeit, sondern vor allem zweierlei: Zum einen haben Sie selbst es\u00a0in der\u00a0Hand, <strong>was<\/strong> und <strong>wie<\/strong> an Ihnen ge\u00e4ndert wird, kein automatischer Wirkmechanismus &#8211; das ist insofern toll, weil eigenverantwortlich bestimmbar (M\u00f6glichkeitsform). Zum anderen haben Sie es in der Hand, <strong>wann<\/strong> und <strong>wo<\/strong> etwas an Ihnen ge\u00e4ndert wird &#8211; das ist insofern anstrengend, weil sich nur etwas bewegt, wenn Sie es selbst angehen (T\u00e4tigkeitsform). Beides geh\u00f6rt aber zu Selbstbestimmung und Freiheit dazu. St\u00e4ndiger <strong>Pers\u00f6nlichkeitsoptimierung<\/strong> bedarf es dazu ebenso wenig wie bevormundender Unterordnung unter ein Tuning-Konzept.<\/p>\n<p>&nbsp;<\/p>\n<h4>Geistige Nutrition &#8222;n\u00e4hrt&#8220; Sie, leben d\u00fcrfen Sie selbst!<\/h4>\n<div id=\"attachment_6642\" style=\"width: 310px\" class=\"wp-caption alignright\"><a href=\"https:\/\/www.absolventenakademie.at\/wp-content\/uploads\/2016\/11\/Team-1.jpg\"><img loading=\"lazy\" decoding=\"async\" aria-describedby=\"caption-attachment-6642\" class=\"wp-image-6642 size-medium\" src=\"https:\/\/www.absolventenakademie.at\/wp-content\/uploads\/2016\/11\/Team-1-300x225.jpg\" alt=\"Unser Schreibteam\" width=\"300\" height=\"225\" srcset=\"https:\/\/www.absolventenakademie.at\/wp-content\/uploads\/2016\/11\/Team-1-300x225.jpg 300w, https:\/\/www.absolventenakademie.at\/wp-content\/uploads\/2016\/11\/Team-1-1024x768.jpg 1024w, https:\/\/www.absolventenakademie.at\/wp-content\/uploads\/2016\/11\/Team-1-400x300.jpg 400w, https:\/\/www.absolventenakademie.at\/wp-content\/uploads\/2016\/11\/Team-1.jpg 1271w\" sizes=\"auto, (max-width: 300px) 100vw, 300px\" \/><\/a><p id=\"caption-attachment-6642\" class=\"wp-caption-text\">Unser Schreibteam (v.l.n.r.): K. Miglar, R. Fenzl, R. Merten, N. Miljkovic<\/p><\/div>\n<p>Basierend darauf haben sich <strong>vier Schreiberlinge<\/strong> zusammengesetzt (ich dufte einer davon sein), sich durch Ratgeber-Literatur gegrast und sich didaktisch in Selbstcoaching-Konzepte verbissen &#8211; bewusst ohne Orientierung an einer Denkschule, modernistischen Ausrichtungen oder Optimierungshypes. Statt Versprechen oder einem allheilbringenden Prinzip informiert das <a href=\"http:\/\/budrich.de\/Prospekte\/Vorschau_Fruehjahr_2017.pdf\" target=\"_blank\">bald erscheinende Ergebnis in Buchform <\/a>Sie nicht nur alltagsnah und nachhaltig. Mit <strong>hunderten konkreten Tipps und eigens entwickelten \u00dcbungen<\/strong> lernen Sie aktiv und nachhaltig, da an sich selbst zu arbeiten, wo Sie es wollen. Diese entstammen den Trainings und Workshops der vier Autoren\/innen direkt mit\u00a0Ihnen und Ihren Kollegen\/innen &#8211; Getestetes funktioniert eben!<\/p>\n<p>Wie alle mentale Ern\u00e4hrung gilt auch\u00a0hier: Statt ein weiteres Selbstoptimierungsleitfaden in die Buchmarktfluten zu tauchen, machen wir Ihnen ein Angebot, daran zu knabbern, darin zu schlemmen oder auch gemeinsam mit Ihren Freunden\/innen ein <strong>ausgewogenes Pers\u00f6nlichkeitsmahl<\/strong> zu kochen. Einzel- wie Gruppen\u00fcbungen\u00a0m\u00fcssen Ihnen aber\u00a0in der Lebenslage schmecken, in der Sie sich gerade befinden: Statt z.B. Karriere nur beruflich zu sehen, h\u00e4ngt sie davon ab, welchen Weg Sie als f\u00fcr sich <strong>erfolgreich\u00a0<\/strong> ansehen &#8211; egal, ob andere das auch tun oder nicht. Statt Ihnen Lerndisziplin und Employability beim Studium aufzuoktryieren, wollen wir helfen, herauszufinden, welche Lerntypen\u00a0in Ihnen schlummern und was Ihre <strong>Studienpers\u00f6nlichkeit<\/strong> braucht. Statt Kompetenzen-Overflow wie im Soft-Skills-Handbuch lernen Sie hier Ihre <strong>besonderen St\u00e4rken<\/strong> zu\u00a0leben und lassen die Schw\u00e4chen selbstbewusst zur\u00fcck. Wenn \u00fcberhaupt, m\u00fcssen nur das k\u00f6nnen oder machen, was Ihnen entspricht &#8211; dann tun sie es aber richtig!<\/p>\n<div id=\"attachment_6592\" style=\"width: 244px\" class=\"wp-caption alignleft\"><a href=\"https:\/\/www.absolventenakademie.at\/wp-content\/uploads\/2016\/08\/Natascha-Miljkovic_Portrait-klein.jpg\"><img loading=\"lazy\" decoding=\"async\" aria-describedby=\"caption-attachment-6592\" class=\"size-medium wp-image-6592\" src=\"https:\/\/www.absolventenakademie.at\/wp-content\/uploads\/2016\/08\/Natascha-Miljkovic_Portrait-klein-234x300.jpg\" alt=\"(c) by Thomas Steibl\" width=\"234\" height=\"300\" srcset=\"https:\/\/www.absolventenakademie.at\/wp-content\/uploads\/2016\/08\/Natascha-Miljkovic_Portrait-klein-234x300.jpg 234w, https:\/\/www.absolventenakademie.at\/wp-content\/uploads\/2016\/08\/Natascha-Miljkovic_Portrait-klein-799x1024.jpg 799w, https:\/\/www.absolventenakademie.at\/wp-content\/uploads\/2016\/08\/Natascha-Miljkovic_Portrait-klein.jpg 862w\" sizes=\"auto, (max-width: 234px) 100vw, 234px\" \/><\/a><p id=\"caption-attachment-6592\" class=\"wp-caption-text\">(c) by Thomas Steibl<\/p><\/div>\n<p><strong>Mag.a Natascha Miljkovic<\/strong>, die Gr\u00fcnderin der Agentur <a href=\"http:\/\/www.plagiatpruefung.at\/zitier-weise\/gruenderin\" target=\"_blank\">&#8222;Zitier-Weise&#8220;<\/a> und Plagiatsexpertin, hatte als Wissenschaftsberaterin und Hochschullehrende die Buch-Idee:<em><br \/>\n&#8222;Ich erinnere mich sehr gerne an den unglaublich hei\u00dfen Sommertag im Juli 2015 zur\u00fcck, als ich als\u00a0Initiatorin des Werkes Ren\u00e9 Merten erstmals die Ur-Idee zum Buch vorgestellt hatte. Bei mehr als 35 Grad im Schatten! Aber ich hatte dennoch ein wenig G\u00e4nsehaut, ein Projekt wie dieses hatte ich noch nie vorher angegangen. Da f\u00fcrchtet man die Reaktionen zun\u00e4chst schon noch sehr.\u00a0Seither war einiges an Administration n\u00f6tig: Expos\u00e9 und Leseproben mussten geschrieben und ein Verlag gefunden werden &#8230; alles war ein wenig utopisch, ja, ja, die Natascha schreibt also ein Buch &#8230; und pl\u00f6tzlich bekamen wir nach nur drei Wochen eine konkrete Zusage! Kaum zu glauben, f\u00fcr Newcomer\/innen wie uns ist das schon ein riesen Erfolg!<\/em><\/p>\n<div><em>Die gr\u00f6\u00dfte Freude ist allerdings meine drei gro\u00dfartigen Co-Autor\/innen daf\u00fcr gewonnen zu haben, die alle gleich Feuer und Flamme f\u00fcr das Buch waren und nach wie vor sind! Darum r\u00fchrt es mich vor Stolz jetzt in das fertige Manuskript zu blicken und dabei an diesen naiven aber willensstarken Anfang im Vorjahr zur\u00fcckzudenken und an was seither geschah. In dieses Buch ist so viel Herzblut und unser aller Erfahrung hinein geflossen. Das merkt man an jeder Zeile!&#8220;<\/em><\/div>\n<p>&nbsp;<\/p>\n<h4>Am \u00dcbergang von Hochschule und Job &#8211; (sprachlich) \u00fcberzeugen statt nur lauter zu werden<\/h4>\n<p>Ratgeber f\u00fcr ein erfolgreiches Studium gibt es wie Sand am Meer, ebenso wie f\u00fcr den Berufserfolg. Aber was ist dem &#8222;Dazwischen&#8220;?\u00a0Hier setzt unser Buch an &#8211;\u00a0am <strong>\u00dcbergang<\/strong>, an der Peripherie, an den Zwischenstationen Ihres Lebens.\u00a0Aber wir bleiben dort genauso wenig stehen wie Sie es tun.<\/p>\n<p>Zentral ist es uns, den <strong>Bogen \u00fcber unterschiedliche Lebensstationen<\/strong> zu spannen und nicht blo\u00df\u00a0f\u00fcr einzelne -situationen Hilfestellung zu geben. Die Weichen f\u00fcr Ihren Traumjob werden nicht erst beim Bewerbungsprozess gestellt, Ihre St\u00e4rken sind nicht allein in Studienzeugnissen abgebildet und Networking bedeutet nicht, ob Stehempf\u00e4nge zu gehen oder wild drauf los zu bloggen! Wie Sie sich in einer bestimmten <strong>Lebenssituation<\/strong> die Auswirkungen und Chancen f\u00fcr zuk\u00fcnftige klar machst, deuten wir Ihnen nicht wie ein Lehrer von der Kanzel herab &#8211; wir treten in <strong>Dialog mit Ihnen<\/strong>. Sprechen wir dieselbe Sprache?<\/p>\n<div data-canvas-width=\"28.756992448370962\">\n<div id=\"attachment_6652\" style=\"width: 235px\" class=\"wp-caption alignright\"><a href=\"https:\/\/www.absolventenakademie.at\/wp-content\/uploads\/2016\/10\/Regina-Fenzl.jpg\"><img loading=\"lazy\" decoding=\"async\" aria-describedby=\"caption-attachment-6652\" class=\"wp-image-6652 size-medium\" src=\"https:\/\/www.absolventenakademie.at\/wp-content\/uploads\/2016\/10\/Regina-Fenzl-225x300.jpg\" alt=\"(c) by Regina Fenzl\" width=\"225\" height=\"300\" srcset=\"https:\/\/www.absolventenakademie.at\/wp-content\/uploads\/2016\/10\/Regina-Fenzl-225x300.jpg 225w, https:\/\/www.absolventenakademie.at\/wp-content\/uploads\/2016\/10\/Regina-Fenzl-766x1024.jpg 766w, https:\/\/www.absolventenakademie.at\/wp-content\/uploads\/2016\/10\/Regina-Fenzl.jpg 991w\" sizes=\"auto, (max-width: 225px) 100vw, 225px\" \/><\/a><p id=\"caption-attachment-6652\" class=\"wp-caption-text\">(c) by Regina Fenzl<\/p><\/div>\n<p>Ein Fokus des Buches liegt auf Sprache, sei es schriftlich\u00a0f\u00fcr die <strong>wissenschaftliche Abschlussarbeit<\/strong> oder Ihre Gesch\u00e4ftsemails, sei es m\u00fcndlich im <strong>Job-Interview<\/strong> oder bei Ihrer Pr\u00e4sentation. <em>&#8222;Die Sprache n\u00e4hrt unsere Seele!&#8220;<\/em>, soll ein bekannter Philosoph verlautet haben. Wer immer es war &#8211; er hatte Recht. Wie Sie mit sich selbst sprechen, sagt viel \u00fcber Ihre mentale Verfasstheit wie momentane Stimmung aus. Es kann Ihnen aber auch helfen, sich selbst besser zu verstehen. Viele Worte werden allzu leicht\u00a0dahingequatscht, ein Mal um Sprechl\u00fccken zu f\u00fcllen, ein anderes Mal um\u00a0Sprachmoden zu befriedigen. Wenn Sie mit dem <strong>Werkzeug Sprache<\/strong> umgehen k\u00f6nnen, wird Ihre <strong>Kommunikation gezielter<\/strong> und <strong>verst\u00e4ndlicher<\/strong> &#8211; f\u00fcr Sie wie alle anderen in Ihrer Umgebung.<\/p>\n<p>Die Klinische- und Gesundheitspsychologin, Autorin und Schreibtrainerin <strong>Mag.a Regina Fenzl<\/strong> ber\u00e4t als Leiterin des <a href=\"http:\/\/www.fh-wien.ac.at\/campus-leben\/didaktikzentrum\/schreibzentrum\/team\" target=\"_blank\">Schreibzentrums der FH Wien der WKW <\/a>Studierende, Absolventen\/innen wie Lehrende.\u00a0Ihr psychologisches Fachwissen wie Ihre Expertise f\u00fcr <strong>Academic Writing, Schreibmethodik<\/strong>\u00a0und wissenschaftliches Arbeiten haben unser Buch gleicherma\u00dfen bereichert .<\/p>\n<\/div>\n<div>\n<div id=\"attachment_6632\" style=\"width: 223px\" class=\"wp-caption alignleft\"><a href=\"https:\/\/www.absolventenakademie.at\/wp-content\/uploads\/2016\/11\/Katrin-Miglar.jpg\"><img loading=\"lazy\" decoding=\"async\" aria-describedby=\"caption-attachment-6632\" class=\"size-medium wp-image-6632\" src=\"https:\/\/www.absolventenakademie.at\/wp-content\/uploads\/2016\/11\/Katrin-Miglar-213x300.jpg\" alt=\"(c) by Katrin Miglar\" width=\"213\" height=\"300\" srcset=\"https:\/\/www.absolventenakademie.at\/wp-content\/uploads\/2016\/11\/Katrin-Miglar-213x300.jpg 213w, https:\/\/www.absolventenakademie.at\/wp-content\/uploads\/2016\/11\/Katrin-Miglar-729x1024.jpg 729w, https:\/\/www.absolventenakademie.at\/wp-content\/uploads\/2016\/11\/Katrin-Miglar.jpg 1902w\" sizes=\"auto, (max-width: 213px) 100vw, 213px\" \/><\/a><p id=\"caption-attachment-6632\" class=\"wp-caption-text\">(c) by Katrin Miglar<\/p><\/div>\n<p>Die Kunsthistorikerin, Schreibberaterin und Bloggerin <strong>Mag.a Katrin Miglar<\/strong> ist dortig als wissenschaftliche Mitarbeiterin t\u00e4tig und wei\u00df aus eigener Erfahrung \u00fcber das Ringen um Worte zu berichten &#8211; auch beim Schreiben unseres Buches:<\/p>\n<p><em>&#8222;Ein Buch gemeinsam zu schreiben bedeutet auch den Schreibprozess \u2013 von der Idee bis zum fertigen Text \u2013 als Gruppe zu meistern. Wir tauschen Gedanken aus, reden \u00fcber unser Schreiben und unsere Schwierigkeiten dabei, schaffen gemeinsam L\u00f6sungen, arbeiten kontinuierlich an einem gro\u00dfen Projekt und fiebern dem Endergebnis entgegen.<\/em><\/p>\n<\/div>\n<div><em>In die Texte flie\u00dfen unterschiedliche Perspektiven und Erfahrungen mit ein, die sich zu einem Ganzen verbinden. Kooperatives Schreiben sch\u00f6pft aus einem reichen Erfahrungsschatz, schafft neue Zusammenh\u00e4nge sowie vielf\u00e4ltige Blickwinkel \u2013 und macht Spa\u00df!&#8220;<\/em><\/div>\n<p>&nbsp;<\/p>\n<h4>Fit f\u00fcr Studium und Karriere &#8211;\u00a0(Selbst-) Coaching f\u00fcr Dein selbst-bestimmtes Leben<\/h4>\n<div id=\"attachment_6649\" style=\"width: 310px\" class=\"wp-caption alignright\"><a href=\"https:\/\/www.absolventenakademie.at\/wp-content\/uploads\/2016\/10\/Gruppenkommunikation.jpg\"><img loading=\"lazy\" decoding=\"async\" aria-describedby=\"caption-attachment-6649\" class=\"size-medium wp-image-6649\" src=\"https:\/\/www.absolventenakademie.at\/wp-content\/uploads\/2016\/10\/Gruppenkommunikation-300x268.jpg\" alt=\"Absolventen\/innen am Scheideweg?\" width=\"300\" height=\"268\" srcset=\"https:\/\/www.absolventenakademie.at\/wp-content\/uploads\/2016\/10\/Gruppenkommunikation-300x268.jpg 300w, https:\/\/www.absolventenakademie.at\/wp-content\/uploads\/2016\/10\/Gruppenkommunikation-1024x916.jpg 1024w\" sizes=\"auto, (max-width: 300px) 100vw, 300px\" \/><\/a><p id=\"caption-attachment-6649\" class=\"wp-caption-text\">Absolventen\/innen am Scheideweg?<\/p><\/div>\n<p>Von (potentiellen) <strong>Akademikern\/innen<\/strong> wird meist unausgesprochen erwartet, dass sie als Bildungsgewinner\/innen ihr Leben automatisch meistern &#8211; schlie\u00dflich sind sie es, die die besten Voraussetzungen auf dem Zukunftsmarkt haben. Aber Voraussetzungen haben und nutzen, sind zweierlei. Gerade <strong>Studierende<\/strong> und junge <strong>Hochschulabsolventen\/innen <\/strong>kennen das Gef\u00fchl, wenn sie nicht den ihren akademischen F\u00e4higkeiten entsprechenden Job finden oder mit ihrem jetzigen unzufrieden sind, wenn sie sich \u00fcber ihre bisherigen Leistungen und Erfolge in ihrem Leben nicht so richtig freuen k\u00f6nnen oder wenn\u00a0(finanzielle) Ungewissheit, gesellschaftlicher Druck und die eigenen Erwartungen auf ihnen zu Lasten scheinen.<\/p>\n<p>Hat man Ihnen auch erz\u00e4hlt, das \u201egeh\u00f6re eben zum Erwachsenwerden dazu\u201c?\u00a0Dann erz\u00e4hlen wir Ihnen jetzt eine andere Geschichte in unserem neuen Buch <strong>Fit f\u00fcr Studium und Karriere<\/strong>. Es erscheint <strong><a href=\"http:\/\/budrich.de\/Prospekte\/Vorschau_Fruehjahr_2017.pdf\" target=\"_blank\">Fr\u00fchjahr 2017<\/a> <\/strong>als<strong> Uni-Taschenbuch\u00a0<\/strong>&#8211; auch in einzelnen Kapiteln als ebook zum Download.<\/p>\n<p>Auf gar keinen Fall verpassen!<\/p>\n<p><a href=\"https:\/\/www.absolventenakademie.at\/wp-content\/uploads\/2016\/10\/9783825247706.jpg\"><img loading=\"lazy\" decoding=\"async\" class=\"aligncenter size-medium wp-image-6678\" src=\"https:\/\/www.absolventenakademie.at\/wp-content\/uploads\/2016\/10\/9783825247706-209x300.jpg\" alt=\"Erfolg in Studium und Karriere\" width=\"209\" height=\"300\" srcset=\"https:\/\/www.absolventenakademie.at\/wp-content\/uploads\/2016\/10\/9783825247706-209x300.jpg 209w, https:\/\/www.absolventenakademie.at\/wp-content\/uploads\/2016\/10\/9783825247706-715x1024.jpg 715w, https:\/\/www.absolventenakademie.at\/wp-content\/uploads\/2016\/10\/9783825247706.jpg 1772w\" sizes=\"auto, (max-width: 209px) 100vw, 209px\" \/><\/a><\/p>\n","protected":false},"excerpt":{"rendered":"<p>Ern\u00e4hrung mit\u00a0einseitigen Lebenshilfen? &#8211; Ihre Pers\u00f6nlichkeit sind Sie! Gute B\u00fccher gibt es viele; einige sorgen mit Management-Tipps f\u00fcr spannende Handlungseinblicke oder geben manch praktischen Lebensratschlag f\u00fcr den Alltag. Gerade auf dem Selbstcoaching-Buchmarkt treibt sich jedoch Manches herum, was gelegentlich an verzweifelte Di\u00e4t-Werbungen erinnert: Dauerhaft und gesund abnehmen ohne Sport, nur mit elektronischen Impulsen im faulen&#8230; <\/p>\n<div class=\"clear\"><\/div>\n<p><a href=\"https:\/\/www.absolventenakademie.at\/index.php\/fit-fuer-studium-und-karriere\/\" class=\"gdlr-button with-border excerpt-read-more\">Read More<\/a><\/p>\n","protected":false},"author":9,"featured_media":6634,"comment_status":"closed","ping_status":"open","sticky":false,"template":"","format":"standard","meta":{"footnotes":""},"categories":[1,85,86,74,88,76,90],"tags":[],"class_list":["post-6591","post","type-post","status-publish","format-standard","has-post-thumbnail","hentry","category-allgemein","category-bildung","category-job","category-karriere","category-leben","category-persoenlichkeit","category-zeit"],"yoast_head":"<!-- This site is optimized with the Yoast SEO plugin v27.2 - https:\/\/yoast.com\/product\/yoast-seo-wordpress\/ -->\n<title>FIT F\u00dcR STUDIUM UND KARRIERE - ein Selbstcoaching-Ratgeber au\u00dferhalb von Optimierungswahn und esoterischer Selbstfindung - ABSOLVENTENAKADEMIE<\/title>\n<meta name=\"robots\" content=\"index, follow, max-snippet:-1, max-image-preview:large, max-video-preview:-1\" \/>\n<link rel=\"canonical\" href=\"https:\/\/www.absolventenakademie.at\/index.php\/fit-fuer-studium-und-karriere\/\" \/>\n<meta property=\"og:locale\" content=\"de_DE\" \/>\n<meta property=\"og:type\" content=\"article\" \/>\n<meta property=\"og:title\" content=\"FIT F\u00dcR STUDIUM UND KARRIERE - ein Selbstcoaching-Ratgeber au\u00dferhalb von Optimierungswahn und esoterischer Selbstfindung - ABSOLVENTENAKADEMIE\" \/>\n<meta property=\"og:description\" content=\"Ern\u00e4hrung mit\u00a0einseitigen Lebenshilfen? &#8211; Ihre Pers\u00f6nlichkeit sind Sie! Gute B\u00fccher gibt es viele; einige sorgen mit Management-Tipps f\u00fcr spannende Handlungseinblicke oder geben manch praktischen Lebensratschlag f\u00fcr den Alltag. Gerade auf dem Selbstcoaching-Buchmarkt treibt sich jedoch Manches herum, was gelegentlich an verzweifelte Di\u00e4t-Werbungen erinnert: Dauerhaft und gesund abnehmen ohne Sport, nur mit elektronischen Impulsen im faulen... Read More\" \/>\n<meta property=\"og:url\" content=\"https:\/\/www.absolventenakademie.at\/index.php\/fit-fuer-studium-und-karriere\/\" \/>\n<meta property=\"og:site_name\" content=\"ABSOLVENTENAKADEMIE\" \/>\n<meta property=\"article:publisher\" content=\"https:\/\/www.facebook.com\/AbsolventenakademieWien\" \/>\n<meta property=\"article:published_time\" content=\"2016-10-06T09:42:15+00:00\" \/>\n<meta property=\"article:modified_time\" content=\"2017-01-24T17:12:56+00:00\" \/>\n<meta property=\"og:image\" content=\"https:\/\/www.absolventenakademie.at\/wp-content\/uploads\/2016\/11\/Gipfelst\u00fcrmer.jpg\" \/>\n\t<meta property=\"og:image:width\" content=\"1920\" \/>\n\t<meta property=\"og:image:height\" content=\"874\" \/>\n\t<meta property=\"og:image:type\" content=\"image\/jpeg\" \/>\n<meta name=\"author\" content=\"Ren\u00e9 Merten\" \/>\n<meta name=\"twitter:card\" content=\"summary_large_image\" \/>\n<meta name=\"twitter:label1\" content=\"Verfasst von\" \/>\n\t<meta name=\"twitter:data1\" content=\"Ren\u00e9 Merten\" \/>\n\t<meta name=\"twitter:label2\" content=\"Gesch\u00e4tzte Lesezeit\" \/>\n\t<meta name=\"twitter:data2\" content=\"7\u00a0Minuten\" \/>\n<script type=\"application\/ld+json\" class=\"yoast-schema-graph\">{\"@context\":\"https:\/\/schema.org\",\"@graph\":[{\"@type\":\"Article\",\"@id\":\"https:\/\/www.absolventenakademie.at\/index.php\/fit-fuer-studium-und-karriere\/#article\",\"isPartOf\":{\"@id\":\"https:\/\/www.absolventenakademie.at\/index.php\/fit-fuer-studium-und-karriere\/\"},\"author\":{\"name\":\"Ren\u00e9 Merten\",\"@id\":\"https:\/\/www.absolventenakademie.at\/#\/schema\/person\/1cabedea516b57a792d8606ae880e074\"},\"headline\":\"FIT F\u00dcR STUDIUM UND KARRIERE &#8211; ein Selbstcoaching-Ratgeber au\u00dferhalb von Optimierungswahn und esoterischer Selbstfindung\",\"datePublished\":\"2016-10-06T09:42:15+00:00\",\"dateModified\":\"2017-01-24T17:12:56+00:00\",\"mainEntityOfPage\":{\"@id\":\"https:\/\/www.absolventenakademie.at\/index.php\/fit-fuer-studium-und-karriere\/\"},\"wordCount\":1503,\"image\":{\"@id\":\"https:\/\/www.absolventenakademie.at\/index.php\/fit-fuer-studium-und-karriere\/#primaryimage\"},\"thumbnailUrl\":\"https:\/\/www.absolventenakademie.at\/wp-content\/uploads\/2016\/11\/Gipfelst\u00fcrmer.jpg\",\"articleSection\":{\"1\":\"Bildung\",\"2\":\"Job\",\"3\":\"Karriere\",\"4\":\"Leben\",\"5\":\"Pers\u00f6nlichkeit\",\"6\":\"Zeit\"},\"inLanguage\":\"de\"},{\"@type\":\"WebPage\",\"@id\":\"https:\/\/www.absolventenakademie.at\/index.php\/fit-fuer-studium-und-karriere\/\",\"url\":\"https:\/\/www.absolventenakademie.at\/index.php\/fit-fuer-studium-und-karriere\/\",\"name\":\"FIT F\u00dcR STUDIUM UND KARRIERE - ein Selbstcoaching-Ratgeber au\u00dferhalb von Optimierungswahn und esoterischer Selbstfindung - ABSOLVENTENAKADEMIE\",\"isPartOf\":{\"@id\":\"https:\/\/www.absolventenakademie.at\/#website\"},\"primaryImageOfPage\":{\"@id\":\"https:\/\/www.absolventenakademie.at\/index.php\/fit-fuer-studium-und-karriere\/#primaryimage\"},\"image\":{\"@id\":\"https:\/\/www.absolventenakademie.at\/index.php\/fit-fuer-studium-und-karriere\/#primaryimage\"},\"thumbnailUrl\":\"https:\/\/www.absolventenakademie.at\/wp-content\/uploads\/2016\/11\/Gipfelst\u00fcrmer.jpg\",\"datePublished\":\"2016-10-06T09:42:15+00:00\",\"dateModified\":\"2017-01-24T17:12:56+00:00\",\"author\":{\"@id\":\"https:\/\/www.absolventenakademie.at\/#\/schema\/person\/1cabedea516b57a792d8606ae880e074\"},\"breadcrumb\":{\"@id\":\"https:\/\/www.absolventenakademie.at\/index.php\/fit-fuer-studium-und-karriere\/#breadcrumb\"},\"inLanguage\":\"de\",\"potentialAction\":[{\"@type\":\"ReadAction\",\"target\":[\"https:\/\/www.absolventenakademie.at\/index.php\/fit-fuer-studium-und-karriere\/\"]}]},{\"@type\":\"ImageObject\",\"inLanguage\":\"de\",\"@id\":\"https:\/\/www.absolventenakademie.at\/index.php\/fit-fuer-studium-und-karriere\/#primaryimage\",\"url\":\"https:\/\/www.absolventenakademie.at\/wp-content\/uploads\/2016\/11\/Gipfelst\u00fcrmer.jpg\",\"contentUrl\":\"https:\/\/www.absolventenakademie.at\/wp-content\/uploads\/2016\/11\/Gipfelst\u00fcrmer.jpg\",\"width\":1920,\"height\":874},{\"@type\":\"BreadcrumbList\",\"@id\":\"https:\/\/www.absolventenakademie.at\/index.php\/fit-fuer-studium-und-karriere\/#breadcrumb\",\"itemListElement\":[{\"@type\":\"ListItem\",\"position\":1,\"name\":\"Home\",\"item\":\"https:\/\/www.absolventenakademie.at\/\"},{\"@type\":\"ListItem\",\"position\":2,\"name\":\"FIT F\u00dcR STUDIUM UND KARRIERE &#8211; ein Selbstcoaching-Ratgeber au\u00dferhalb von Optimierungswahn und esoterischer Selbstfindung\"}]},{\"@type\":\"WebSite\",\"@id\":\"https:\/\/www.absolventenakademie.at\/#website\",\"url\":\"https:\/\/www.absolventenakademie.at\/\",\"name\":\"ABSOLVENTENAKADEMIE\",\"description\":\"Pers\u00f6nlichkeitsentwicklung f\u00fcr Studierende und Hochschulabsolventen\",\"potentialAction\":[{\"@type\":\"SearchAction\",\"target\":{\"@type\":\"EntryPoint\",\"urlTemplate\":\"https:\/\/www.absolventenakademie.at\/?s={search_term_string}\"},\"query-input\":{\"@type\":\"PropertyValueSpecification\",\"valueRequired\":true,\"valueName\":\"search_term_string\"}}],\"inLanguage\":\"de\"},{\"@type\":\"Person\",\"@id\":\"https:\/\/www.absolventenakademie.at\/#\/schema\/person\/1cabedea516b57a792d8606ae880e074\",\"name\":\"Ren\u00e9 Merten\",\"image\":{\"@type\":\"ImageObject\",\"inLanguage\":\"de\",\"@id\":\"https:\/\/secure.gravatar.com\/avatar\/ed266dba4e8ebd7a3c11ab14481f84079775aa25dd4cf33b1e4dfd5b470c033b?s=96&d=mm&r=g\",\"url\":\"https:\/\/secure.gravatar.com\/avatar\/ed266dba4e8ebd7a3c11ab14481f84079775aa25dd4cf33b1e4dfd5b470c033b?s=96&d=mm&r=g\",\"contentUrl\":\"https:\/\/secure.gravatar.com\/avatar\/ed266dba4e8ebd7a3c11ab14481f84079775aa25dd4cf33b1e4dfd5b470c033b?s=96&d=mm&r=g\",\"caption\":\"Ren\u00e9 Merten\"},\"description\":\"Akademischer Leiter, gesch\u00e4ftsf\u00fchrender Inhaber und Trainer\",\"url\":\"https:\/\/www.absolventenakademie.at\/index.php\/author\/rene\/\"}]}<\/script>\n<!-- \/ Yoast SEO plugin. -->","yoast_head_json":{"title":"FIT F\u00dcR STUDIUM UND KARRIERE - ein Selbstcoaching-Ratgeber au\u00dferhalb von Optimierungswahn und esoterischer Selbstfindung - ABSOLVENTENAKADEMIE","robots":{"index":"index","follow":"follow","max-snippet":"max-snippet:-1","max-image-preview":"max-image-preview:large","max-video-preview":"max-video-preview:-1"},"canonical":"https:\/\/www.absolventenakademie.at\/index.php\/fit-fuer-studium-und-karriere\/","og_locale":"de_DE","og_type":"article","og_title":"FIT F\u00dcR STUDIUM UND KARRIERE - ein Selbstcoaching-Ratgeber au\u00dferhalb von Optimierungswahn und esoterischer Selbstfindung - ABSOLVENTENAKADEMIE","og_description":"Ern\u00e4hrung mit\u00a0einseitigen Lebenshilfen? &#8211; Ihre Pers\u00f6nlichkeit sind Sie! Gute B\u00fccher gibt es viele; einige sorgen mit Management-Tipps f\u00fcr spannende Handlungseinblicke oder geben manch praktischen Lebensratschlag f\u00fcr den Alltag. Gerade auf dem Selbstcoaching-Buchmarkt treibt sich jedoch Manches herum, was gelegentlich an verzweifelte Di\u00e4t-Werbungen erinnert: Dauerhaft und gesund abnehmen ohne Sport, nur mit elektronischen Impulsen im faulen... Read More","og_url":"https:\/\/www.absolventenakademie.at\/index.php\/fit-fuer-studium-und-karriere\/","og_site_name":"ABSOLVENTENAKADEMIE","article_publisher":"https:\/\/www.facebook.com\/AbsolventenakademieWien","article_published_time":"2016-10-06T09:42:15+00:00","article_modified_time":"2017-01-24T17:12:56+00:00","og_image":[{"width":1920,"height":874,"url":"https:\/\/www.absolventenakademie.at\/wp-content\/uploads\/2016\/11\/Gipfelst\u00fcrmer.jpg","type":"image\/jpeg"}],"author":"Ren\u00e9 Merten","twitter_card":"summary_large_image","twitter_misc":{"Verfasst von":"Ren\u00e9 Merten","Gesch\u00e4tzte Lesezeit":"7\u00a0Minuten"},"schema":{"@context":"https:\/\/schema.org","@graph":[{"@type":"Article","@id":"https:\/\/www.absolventenakademie.at\/index.php\/fit-fuer-studium-und-karriere\/#article","isPartOf":{"@id":"https:\/\/www.absolventenakademie.at\/index.php\/fit-fuer-studium-und-karriere\/"},"author":{"name":"Ren\u00e9 Merten","@id":"https:\/\/www.absolventenakademie.at\/#\/schema\/person\/1cabedea516b57a792d8606ae880e074"},"headline":"FIT F\u00dcR STUDIUM UND KARRIERE &#8211; ein Selbstcoaching-Ratgeber au\u00dferhalb von Optimierungswahn und esoterischer Selbstfindung","datePublished":"2016-10-06T09:42:15+00:00","dateModified":"2017-01-24T17:12:56+00:00","mainEntityOfPage":{"@id":"https:\/\/www.absolventenakademie.at\/index.php\/fit-fuer-studium-und-karriere\/"},"wordCount":1503,"image":{"@id":"https:\/\/www.absolventenakademie.at\/index.php\/fit-fuer-studium-und-karriere\/#primaryimage"},"thumbnailUrl":"https:\/\/www.absolventenakademie.at\/wp-content\/uploads\/2016\/11\/Gipfelst\u00fcrmer.jpg","articleSection":{"1":"Bildung","2":"Job","3":"Karriere","4":"Leben","5":"Pers\u00f6nlichkeit","6":"Zeit"},"inLanguage":"de"},{"@type":"WebPage","@id":"https:\/\/www.absolventenakademie.at\/index.php\/fit-fuer-studium-und-karriere\/","url":"https:\/\/www.absolventenakademie.at\/index.php\/fit-fuer-studium-und-karriere\/","name":"FIT F\u00dcR STUDIUM UND KARRIERE - ein Selbstcoaching-Ratgeber au\u00dferhalb von Optimierungswahn und esoterischer Selbstfindung - ABSOLVENTENAKADEMIE","isPartOf":{"@id":"https:\/\/www.absolventenakademie.at\/#website"},"primaryImageOfPage":{"@id":"https:\/\/www.absolventenakademie.at\/index.php\/fit-fuer-studium-und-karriere\/#primaryimage"},"image":{"@id":"https:\/\/www.absolventenakademie.at\/index.php\/fit-fuer-studium-und-karriere\/#primaryimage"},"thumbnailUrl":"https:\/\/www.absolventenakademie.at\/wp-content\/uploads\/2016\/11\/Gipfelst\u00fcrmer.jpg","datePublished":"2016-10-06T09:42:15+00:00","dateModified":"2017-01-24T17:12:56+00:00","author":{"@id":"https:\/\/www.absolventenakademie.at\/#\/schema\/person\/1cabedea516b57a792d8606ae880e074"},"breadcrumb":{"@id":"https:\/\/www.absolventenakademie.at\/index.php\/fit-fuer-studium-und-karriere\/#breadcrumb"},"inLanguage":"de","potentialAction":[{"@type":"ReadAction","target":["https:\/\/www.absolventenakademie.at\/index.php\/fit-fuer-studium-und-karriere\/"]}]},{"@type":"ImageObject","inLanguage":"de","@id":"https:\/\/www.absolventenakademie.at\/index.php\/fit-fuer-studium-und-karriere\/#primaryimage","url":"https:\/\/www.absolventenakademie.at\/wp-content\/uploads\/2016\/11\/Gipfelst\u00fcrmer.jpg","contentUrl":"https:\/\/www.absolventenakademie.at\/wp-content\/uploads\/2016\/11\/Gipfelst\u00fcrmer.jpg","width":1920,"height":874},{"@type":"BreadcrumbList","@id":"https:\/\/www.absolventenakademie.at\/index.php\/fit-fuer-studium-und-karriere\/#breadcrumb","itemListElement":[{"@type":"ListItem","position":1,"name":"Home","item":"https:\/\/www.absolventenakademie.at\/"},{"@type":"ListItem","position":2,"name":"FIT F\u00dcR STUDIUM UND KARRIERE &#8211; ein Selbstcoaching-Ratgeber au\u00dferhalb von Optimierungswahn und esoterischer Selbstfindung"}]},{"@type":"WebSite","@id":"https:\/\/www.absolventenakademie.at\/#website","url":"https:\/\/www.absolventenakademie.at\/","name":"ABSOLVENTENAKADEMIE","description":"Pers\u00f6nlichkeitsentwicklung f\u00fcr Studierende und Hochschulabsolventen","potentialAction":[{"@type":"SearchAction","target":{"@type":"EntryPoint","urlTemplate":"https:\/\/www.absolventenakademie.at\/?s={search_term_string}"},"query-input":{"@type":"PropertyValueSpecification","valueRequired":true,"valueName":"search_term_string"}}],"inLanguage":"de"},{"@type":"Person","@id":"https:\/\/www.absolventenakademie.at\/#\/schema\/person\/1cabedea516b57a792d8606ae880e074","name":"Ren\u00e9 Merten","image":{"@type":"ImageObject","inLanguage":"de","@id":"https:\/\/secure.gravatar.com\/avatar\/ed266dba4e8ebd7a3c11ab14481f84079775aa25dd4cf33b1e4dfd5b470c033b?s=96&d=mm&r=g","url":"https:\/\/secure.gravatar.com\/avatar\/ed266dba4e8ebd7a3c11ab14481f84079775aa25dd4cf33b1e4dfd5b470c033b?s=96&d=mm&r=g","contentUrl":"https:\/\/secure.gravatar.com\/avatar\/ed266dba4e8ebd7a3c11ab14481f84079775aa25dd4cf33b1e4dfd5b470c033b?s=96&d=mm&r=g","caption":"Ren\u00e9 Merten"},"description":"Akademischer Leiter, gesch\u00e4ftsf\u00fchrender Inhaber und Trainer","url":"https:\/\/www.absolventenakademie.at\/index.php\/author\/rene\/"}]}},"_links":{"self":[{"href":"https:\/\/www.absolventenakademie.at\/index.php\/wp-json\/wp\/v2\/posts\/6591","targetHints":{"allow":["GET"]}}],"collection":[{"href":"https:\/\/www.absolventenakademie.at\/index.php\/wp-json\/wp\/v2\/posts"}],"about":[{"href":"https:\/\/www.absolventenakademie.at\/index.php\/wp-json\/wp\/v2\/types\/post"}],"author":[{"embeddable":true,"href":"https:\/\/www.absolventenakademie.at\/index.php\/wp-json\/wp\/v2\/users\/9"}],"replies":[{"embeddable":true,"href":"https:\/\/www.absolventenakademie.at\/index.php\/wp-json\/wp\/v2\/comments?post=6591"}],"version-history":[{"count":5,"href":"https:\/\/www.absolventenakademie.at\/index.php\/wp-json\/wp\/v2\/posts\/6591\/revisions"}],"predecessor-version":[{"id":6679,"href":"https:\/\/www.absolventenakademie.at\/index.php\/wp-json\/wp\/v2\/posts\/6591\/revisions\/6679"}],"wp:featuredmedia":[{"embeddable":true,"href":"https:\/\/www.absolventenakademie.at\/index.php\/wp-json\/wp\/v2\/media\/6634"}],"wp:attachment":[{"href":"https:\/\/www.absolventenakademie.at\/index.php\/wp-json\/wp\/v2\/media?parent=6591"}],"wp:term":[{"taxonomy":"category","embeddable":true,"href":"https:\/\/www.absolventenakademie.at\/index.php\/wp-json\/wp\/v2\/categories?post=6591"},{"taxonomy":"post_tag","embeddable":true,"href":"https:\/\/www.absolventenakademie.at\/index.php\/wp-json\/wp\/v2\/tags?post=6591"}],"curies":[{"name":"wp","href":"https:\/\/api.w.org\/{rel}","templated":true}]}}