{"id":6915,"date":"2017-10-08T14:42:27","date_gmt":"2017-10-08T12:42:27","guid":{"rendered":"https:\/\/www.absolventenakademie.at\/?p=6915"},"modified":"2017-10-08T15:17:36","modified_gmt":"2017-10-08T13:17:36","slug":"fit-in-studium-und-karriere-buchvorstellung-mit-mini-workshop","status":"publish","type":"post","link":"https:\/\/www.absolventenakademie.at\/index.php\/fit-in-studium-und-karriere-buchvorstellung-mit-mini-workshop\/","title":{"rendered":"Selbstentfaltung ohne Optimierungszwang \u2013 Buchvorstellung mit Mini-Workshop"},"content":{"rendered":"<h2><a href=\"https:\/\/www.absolventenakademie.at\/wp-content\/uploads\/2017\/10\/Fit_im_Studium_19oktober_A3_Plakat.pdf\">Erfolg in Studium und Karriere \u2013 Finde deinen eigenen Weg<\/a><\/h2>\n<p><a href=\"https:\/\/www.absolventenakademie.at\/wp-content\/uploads\/2014\/08\/Fit-durch-Selbstcoaching.jpg\"><img loading=\"lazy\" decoding=\"async\" class=\"alignleft size-full wp-image-6790\" src=\"https:\/\/www.absolventenakademie.at\/wp-content\/uploads\/2014\/08\/Fit-durch-Selbstcoaching.jpg\" alt=\"Erfolg in Studium und Karriere\" width=\"169\" height=\"239\" \/><\/a>Auf dem Weg in den n\u00e4chsten Studien-, Lebens- oder Berufsabschnitt?<\/p>\n<p>Wie gelingt deine pers\u00f6nliche Ver\u00e4nderung?<\/p>\n<p>Wie h\u00f6rst du dabei auf dich selbst?<\/p>\n<p>Und wie nutzt du dein Netzwerk?<\/p>\n<p>&nbsp;<\/p>\n<p>&nbsp;<\/p>\n<p>Das erf\u00e4hrst du an diesem Abend anhand praktischer Inputs aus dem Werk: <a href=\"http:\/\/www.utb-shop.de\/autoren\/miljkovic-natascha\/erfolg-in-studium-und-karriere-fit-durch-selbstcoaching-9436.html\" target=\"_blank\">&#8222;Erfolg in Studium und Karriere \u2013 Fit durch Selbstcoaching!<\/a>&#8220; \u2013 mit <strong>Ren\u00e9 Merten<\/strong> (Co-Herausgeber und Mitautor) &amp; <strong>Petra \u00d6llinger<\/strong> (B\u00fccherschmaus)<\/p>\n<p>In den Hauptkapiteln des Buches &#8222;Kompetenzen&#8220;, &#8222;Studium&#8220;, &#8222;Kontakte&#8220; und &#8222;Karriere&#8220; finden Studierende und junge Hochschulabsolventen\/innen Hinweise wie <strong>\u00fcber 200 praktische \u00dcbungen und Tipps<\/strong> zum individuellen <strong>Selbstcoaching<\/strong>. Beispiele aus der Beratungs-, Coaching- und Trainingspraxis der Autoren\/innen zeichnen den Weg vom Studium \u00fcber den erfolgreichen Hochschulabschluss bis in die Arbeitswelt nach.<\/p>\n<p>Fernab des klassischen Karrieremanagements betont der Ratgeber zwei zentrale Erfolgsfaktoren: <strong>Pers\u00f6nlichkeitsentwicklung und Sprache<\/strong>. Ob die Seminararbeit im Studium, das m\u00fcndliche Job-Interview oder das pers\u00f6nliche Zwiegespr\u00e4ch mit sich selbst\u00a0\u2013 stets werden die Leser\/innen dort abholt, wo sie stehen. Oftmals ist das ein holpriger \u00dcbergang auf dem Weg in den n\u00e4chsten Studien-, Lebens- oder Berufsabschnitt.<\/p>\n<p>&nbsp;<\/p>\n<p><strong>Begrenzte Teilnehmer\/innenzahl<\/strong> &#8211; Bitte um fr\u00fchzeitige <strong>Anmeldung<\/strong> unter: <a href=\"mailto:info@buecherschmaus.wien\" target=\"_blank\">info@buecherschmaus.wien<\/a> oder (0043) 0677\/612 659 11!<\/p>\n<p><a href=\"https:\/\/www.absolventenakademie.at\/wp-content\/uploads\/2017\/10\/logo2.jpg\"><img loading=\"lazy\" decoding=\"async\" class=\"alignleft size-full wp-image-6918\" src=\"https:\/\/www.absolventenakademie.at\/wp-content\/uploads\/2017\/10\/logo2.jpg\" alt=\"B\u00fccherschmaus\" width=\"400\" height=\"78\" srcset=\"https:\/\/www.absolventenakademie.at\/wp-content\/uploads\/2017\/10\/logo2.jpg 400w, https:\/\/www.absolventenakademie.at\/wp-content\/uploads\/2017\/10\/logo2-300x59.jpg 300w\" sizes=\"auto, (max-width: 400px) 100vw, 400px\" \/><br \/>\n<\/a><\/p>\n<p>&nbsp;<\/p>\n<p>&nbsp;<\/p>\n<p><em>Zeit:<\/em><\/p>\n<p><b>Donners<\/b><strong>tag<\/strong>, den <b>19.10.2017<\/b> \u2013 Beginn um <strong>19.00 Uhr<\/strong><\/p>\n<p><em>Ort:<\/em><\/p>\n<p>Buchhandlung \u201e<strong><a href=\"https:\/\/buecherschmaus.wien\" target=\"_blank\">Wiener B\u00fccherschmaus<\/a><\/strong>\u201c (Verein f\u00fcr Lesef\u00f6rderung und Buchkultur), Garbergasse 13 (Ecke Mittelgasse am Oskar-Werner-Platz) \u2013 1060 Wien<\/p>\n<p><em>Kostenbeitrag:<\/em><\/p>\n<p><strong>8,00 Euro<\/strong> pro Person in bar \u2013 geht zu <strong>100 % als Spende <\/strong>an den Verein und somit direkt in die Lesef\u00f6rderung!<\/p>\n","protected":false},"excerpt":{"rendered":"<p>Erfolg in Studium und Karriere \u2013 Finde deinen eigenen Weg Auf dem Weg in den n\u00e4chsten Studien-, Lebens- oder Berufsabschnitt? Wie gelingt deine pers\u00f6nliche Ver\u00e4nderung? Wie h\u00f6rst du dabei auf dich selbst? Und wie nutzt du dein Netzwerk? &nbsp; &nbsp; Das erf\u00e4hrst du an diesem Abend anhand praktischer Inputs aus dem Werk: &#8222;Erfolg in Studium&#8230; <\/p>\n<div class=\"clear\"><\/div>\n<p><a href=\"https:\/\/www.absolventenakademie.at\/index.php\/fit-in-studium-und-karriere-buchvorstellung-mit-mini-workshop\/\" class=\"gdlr-button with-border excerpt-read-more\">Read More<\/a><\/p>\n","protected":false},"author":9,"featured_media":6921,"comment_status":"closed","ping_status":"open","sticky":false,"template":"","format":"standard","meta":{"footnotes":""},"categories":[77,1,85,86,74,88,76],"tags":[],"class_list":["post-6915","post","type-post","status-publish","format-standard","has-post-thumbnail","hentry","category-aktuelles","category-allgemein","category-bildung","category-job","category-karriere","category-leben","category-persoenlichkeit"],"yoast_head":"<!-- This site is optimized with the Yoast SEO plugin v27.2 - https:\/\/yoast.com\/product\/yoast-seo-wordpress\/ -->\n<title>Selbstentfaltung ohne Optimierungszwang \u2013 Buchvorstellung mit Mini-Workshop - ABSOLVENTENAKADEMIE<\/title>\n<meta name=\"robots\" content=\"index, follow, max-snippet:-1, max-image-preview:large, max-video-preview:-1\" \/>\n<link rel=\"canonical\" href=\"https:\/\/www.absolventenakademie.at\/index.php\/fit-in-studium-und-karriere-buchvorstellung-mit-mini-workshop\/\" \/>\n<meta property=\"og:locale\" content=\"de_DE\" \/>\n<meta property=\"og:type\" content=\"article\" \/>\n<meta property=\"og:title\" content=\"Selbstentfaltung ohne Optimierungszwang \u2013 Buchvorstellung mit Mini-Workshop - ABSOLVENTENAKADEMIE\" \/>\n<meta property=\"og:description\" content=\"Erfolg in Studium und Karriere \u2013 Finde deinen eigenen Weg Auf dem Weg in den n\u00e4chsten Studien-, Lebens- oder Berufsabschnitt? Wie gelingt deine pers\u00f6nliche Ver\u00e4nderung? Wie h\u00f6rst du dabei auf dich selbst? Und wie nutzt du dein Netzwerk? &nbsp; &nbsp; Das erf\u00e4hrst du an diesem Abend anhand praktischer Inputs aus dem Werk: &#8222;Erfolg in Studium... Read More\" \/>\n<meta property=\"og:url\" content=\"https:\/\/www.absolventenakademie.at\/index.php\/fit-in-studium-und-karriere-buchvorstellung-mit-mini-workshop\/\" \/>\n<meta property=\"og:site_name\" content=\"ABSOLVENTENAKADEMIE\" \/>\n<meta property=\"article:publisher\" content=\"https:\/\/www.facebook.com\/AbsolventenakademieWien\" \/>\n<meta property=\"article:published_time\" content=\"2017-10-08T12:42:27+00:00\" \/>\n<meta property=\"article:modified_time\" content=\"2017-10-08T13:17:36+00:00\" \/>\n<meta property=\"og:image\" content=\"https:\/\/www.absolventenakademie.at\/wp-content\/uploads\/2017\/10\/333.jpg\" \/>\n\t<meta property=\"og:image:width\" content=\"821\" \/>\n\t<meta property=\"og:image:height\" content=\"333\" \/>\n\t<meta property=\"og:image:type\" content=\"image\/jpeg\" \/>\n<meta name=\"author\" content=\"Ren\u00e9 Merten\" \/>\n<meta name=\"twitter:card\" content=\"summary_large_image\" \/>\n<meta name=\"twitter:label1\" content=\"Verfasst von\" \/>\n\t<meta name=\"twitter:data1\" content=\"Ren\u00e9 Merten\" \/>\n\t<meta name=\"twitter:label2\" content=\"Gesch\u00e4tzte Lesezeit\" \/>\n\t<meta name=\"twitter:data2\" content=\"1\u00a0Minute\" \/>\n<script type=\"application\/ld+json\" class=\"yoast-schema-graph\">{\"@context\":\"https:\/\/schema.org\",\"@graph\":[{\"@type\":\"Article\",\"@id\":\"https:\/\/www.absolventenakademie.at\/index.php\/fit-in-studium-und-karriere-buchvorstellung-mit-mini-workshop\/#article\",\"isPartOf\":{\"@id\":\"https:\/\/www.absolventenakademie.at\/index.php\/fit-in-studium-und-karriere-buchvorstellung-mit-mini-workshop\/\"},\"author\":{\"name\":\"Ren\u00e9 Merten\",\"@id\":\"https:\/\/www.absolventenakademie.at\/#\/schema\/person\/1cabedea516b57a792d8606ae880e074\"},\"headline\":\"Selbstentfaltung ohne Optimierungszwang \u2013 Buchvorstellung mit Mini-Workshop\",\"datePublished\":\"2017-10-08T12:42:27+00:00\",\"dateModified\":\"2017-10-08T13:17:36+00:00\",\"mainEntityOfPage\":{\"@id\":\"https:\/\/www.absolventenakademie.at\/index.php\/fit-in-studium-und-karriere-buchvorstellung-mit-mini-workshop\/\"},\"wordCount\":252,\"image\":{\"@id\":\"https:\/\/www.absolventenakademie.at\/index.php\/fit-in-studium-und-karriere-buchvorstellung-mit-mini-workshop\/#primaryimage\"},\"thumbnailUrl\":\"https:\/\/www.absolventenakademie.at\/wp-content\/uploads\/2017\/10\/333.jpg\",\"articleSection\":{\"0\":\"Aktuelles\",\"2\":\"Bildung\",\"3\":\"Job\",\"4\":\"Karriere\",\"5\":\"Leben\",\"6\":\"Pers\u00f6nlichkeit\"},\"inLanguage\":\"de\"},{\"@type\":\"WebPage\",\"@id\":\"https:\/\/www.absolventenakademie.at\/index.php\/fit-in-studium-und-karriere-buchvorstellung-mit-mini-workshop\/\",\"url\":\"https:\/\/www.absolventenakademie.at\/index.php\/fit-in-studium-und-karriere-buchvorstellung-mit-mini-workshop\/\",\"name\":\"Selbstentfaltung ohne Optimierungszwang \u2013 Buchvorstellung mit Mini-Workshop - ABSOLVENTENAKADEMIE\",\"isPartOf\":{\"@id\":\"https:\/\/www.absolventenakademie.at\/#website\"},\"primaryImageOfPage\":{\"@id\":\"https:\/\/www.absolventenakademie.at\/index.php\/fit-in-studium-und-karriere-buchvorstellung-mit-mini-workshop\/#primaryimage\"},\"image\":{\"@id\":\"https:\/\/www.absolventenakademie.at\/index.php\/fit-in-studium-und-karriere-buchvorstellung-mit-mini-workshop\/#primaryimage\"},\"thumbnailUrl\":\"https:\/\/www.absolventenakademie.at\/wp-content\/uploads\/2017\/10\/333.jpg\",\"datePublished\":\"2017-10-08T12:42:27+00:00\",\"dateModified\":\"2017-10-08T13:17:36+00:00\",\"author\":{\"@id\":\"https:\/\/www.absolventenakademie.at\/#\/schema\/person\/1cabedea516b57a792d8606ae880e074\"},\"breadcrumb\":{\"@id\":\"https:\/\/www.absolventenakademie.at\/index.php\/fit-in-studium-und-karriere-buchvorstellung-mit-mini-workshop\/#breadcrumb\"},\"inLanguage\":\"de\",\"potentialAction\":[{\"@type\":\"ReadAction\",\"target\":[\"https:\/\/www.absolventenakademie.at\/index.php\/fit-in-studium-und-karriere-buchvorstellung-mit-mini-workshop\/\"]}]},{\"@type\":\"ImageObject\",\"inLanguage\":\"de\",\"@id\":\"https:\/\/www.absolventenakademie.at\/index.php\/fit-in-studium-und-karriere-buchvorstellung-mit-mini-workshop\/#primaryimage\",\"url\":\"https:\/\/www.absolventenakademie.at\/wp-content\/uploads\/2017\/10\/333.jpg\",\"contentUrl\":\"https:\/\/www.absolventenakademie.at\/wp-content\/uploads\/2017\/10\/333.jpg\",\"width\":821,\"height\":333},{\"@type\":\"BreadcrumbList\",\"@id\":\"https:\/\/www.absolventenakademie.at\/index.php\/fit-in-studium-und-karriere-buchvorstellung-mit-mini-workshop\/#breadcrumb\",\"itemListElement\":[{\"@type\":\"ListItem\",\"position\":1,\"name\":\"Home\",\"item\":\"https:\/\/www.absolventenakademie.at\/\"},{\"@type\":\"ListItem\",\"position\":2,\"name\":\"Selbstentfaltung ohne Optimierungszwang \u2013 Buchvorstellung mit Mini-Workshop\"}]},{\"@type\":\"WebSite\",\"@id\":\"https:\/\/www.absolventenakademie.at\/#website\",\"url\":\"https:\/\/www.absolventenakademie.at\/\",\"name\":\"ABSOLVENTENAKADEMIE\",\"description\":\"Pers\u00f6nlichkeitsentwicklung f\u00fcr Studierende und Hochschulabsolventen\",\"potentialAction\":[{\"@type\":\"SearchAction\",\"target\":{\"@type\":\"EntryPoint\",\"urlTemplate\":\"https:\/\/www.absolventenakademie.at\/?s={search_term_string}\"},\"query-input\":{\"@type\":\"PropertyValueSpecification\",\"valueRequired\":true,\"valueName\":\"search_term_string\"}}],\"inLanguage\":\"de\"},{\"@type\":\"Person\",\"@id\":\"https:\/\/www.absolventenakademie.at\/#\/schema\/person\/1cabedea516b57a792d8606ae880e074\",\"name\":\"Ren\u00e9 Merten\",\"image\":{\"@type\":\"ImageObject\",\"inLanguage\":\"de\",\"@id\":\"https:\/\/secure.gravatar.com\/avatar\/ed266dba4e8ebd7a3c11ab14481f84079775aa25dd4cf33b1e4dfd5b470c033b?s=96&d=mm&r=g\",\"url\":\"https:\/\/secure.gravatar.com\/avatar\/ed266dba4e8ebd7a3c11ab14481f84079775aa25dd4cf33b1e4dfd5b470c033b?s=96&d=mm&r=g\",\"contentUrl\":\"https:\/\/secure.gravatar.com\/avatar\/ed266dba4e8ebd7a3c11ab14481f84079775aa25dd4cf33b1e4dfd5b470c033b?s=96&d=mm&r=g\",\"caption\":\"Ren\u00e9 Merten\"},\"description\":\"Akademischer Leiter, gesch\u00e4ftsf\u00fchrender Inhaber und Trainer\",\"url\":\"https:\/\/www.absolventenakademie.at\/index.php\/author\/rene\/\"}]}<\/script>\n<!-- \/ Yoast SEO plugin. -->","yoast_head_json":{"title":"Selbstentfaltung ohne Optimierungszwang \u2013 Buchvorstellung mit Mini-Workshop - ABSOLVENTENAKADEMIE","robots":{"index":"index","follow":"follow","max-snippet":"max-snippet:-1","max-image-preview":"max-image-preview:large","max-video-preview":"max-video-preview:-1"},"canonical":"https:\/\/www.absolventenakademie.at\/index.php\/fit-in-studium-und-karriere-buchvorstellung-mit-mini-workshop\/","og_locale":"de_DE","og_type":"article","og_title":"Selbstentfaltung ohne Optimierungszwang \u2013 Buchvorstellung mit Mini-Workshop - ABSOLVENTENAKADEMIE","og_description":"Erfolg in Studium und Karriere \u2013 Finde deinen eigenen Weg Auf dem Weg in den n\u00e4chsten Studien-, Lebens- oder Berufsabschnitt? Wie gelingt deine pers\u00f6nliche Ver\u00e4nderung? Wie h\u00f6rst du dabei auf dich selbst? Und wie nutzt du dein Netzwerk? &nbsp; &nbsp; Das erf\u00e4hrst du an diesem Abend anhand praktischer Inputs aus dem Werk: &#8222;Erfolg in Studium... Read More","og_url":"https:\/\/www.absolventenakademie.at\/index.php\/fit-in-studium-und-karriere-buchvorstellung-mit-mini-workshop\/","og_site_name":"ABSOLVENTENAKADEMIE","article_publisher":"https:\/\/www.facebook.com\/AbsolventenakademieWien","article_published_time":"2017-10-08T12:42:27+00:00","article_modified_time":"2017-10-08T13:17:36+00:00","og_image":[{"width":821,"height":333,"url":"https:\/\/www.absolventenakademie.at\/wp-content\/uploads\/2017\/10\/333.jpg","type":"image\/jpeg"}],"author":"Ren\u00e9 Merten","twitter_card":"summary_large_image","twitter_misc":{"Verfasst von":"Ren\u00e9 Merten","Gesch\u00e4tzte Lesezeit":"1\u00a0Minute"},"schema":{"@context":"https:\/\/schema.org","@graph":[{"@type":"Article","@id":"https:\/\/www.absolventenakademie.at\/index.php\/fit-in-studium-und-karriere-buchvorstellung-mit-mini-workshop\/#article","isPartOf":{"@id":"https:\/\/www.absolventenakademie.at\/index.php\/fit-in-studium-und-karriere-buchvorstellung-mit-mini-workshop\/"},"author":{"name":"Ren\u00e9 Merten","@id":"https:\/\/www.absolventenakademie.at\/#\/schema\/person\/1cabedea516b57a792d8606ae880e074"},"headline":"Selbstentfaltung ohne Optimierungszwang \u2013 Buchvorstellung mit Mini-Workshop","datePublished":"2017-10-08T12:42:27+00:00","dateModified":"2017-10-08T13:17:36+00:00","mainEntityOfPage":{"@id":"https:\/\/www.absolventenakademie.at\/index.php\/fit-in-studium-und-karriere-buchvorstellung-mit-mini-workshop\/"},"wordCount":252,"image":{"@id":"https:\/\/www.absolventenakademie.at\/index.php\/fit-in-studium-und-karriere-buchvorstellung-mit-mini-workshop\/#primaryimage"},"thumbnailUrl":"https:\/\/www.absolventenakademie.at\/wp-content\/uploads\/2017\/10\/333.jpg","articleSection":{"0":"Aktuelles","2":"Bildung","3":"Job","4":"Karriere","5":"Leben","6":"Pers\u00f6nlichkeit"},"inLanguage":"de"},{"@type":"WebPage","@id":"https:\/\/www.absolventenakademie.at\/index.php\/fit-in-studium-und-karriere-buchvorstellung-mit-mini-workshop\/","url":"https:\/\/www.absolventenakademie.at\/index.php\/fit-in-studium-und-karriere-buchvorstellung-mit-mini-workshop\/","name":"Selbstentfaltung ohne Optimierungszwang \u2013 Buchvorstellung mit Mini-Workshop - ABSOLVENTENAKADEMIE","isPartOf":{"@id":"https:\/\/www.absolventenakademie.at\/#website"},"primaryImageOfPage":{"@id":"https:\/\/www.absolventenakademie.at\/index.php\/fit-in-studium-und-karriere-buchvorstellung-mit-mini-workshop\/#primaryimage"},"image":{"@id":"https:\/\/www.absolventenakademie.at\/index.php\/fit-in-studium-und-karriere-buchvorstellung-mit-mini-workshop\/#primaryimage"},"thumbnailUrl":"https:\/\/www.absolventenakademie.at\/wp-content\/uploads\/2017\/10\/333.jpg","datePublished":"2017-10-08T12:42:27+00:00","dateModified":"2017-10-08T13:17:36+00:00","author":{"@id":"https:\/\/www.absolventenakademie.at\/#\/schema\/person\/1cabedea516b57a792d8606ae880e074"},"breadcrumb":{"@id":"https:\/\/www.absolventenakademie.at\/index.php\/fit-in-studium-und-karriere-buchvorstellung-mit-mini-workshop\/#breadcrumb"},"inLanguage":"de","potentialAction":[{"@type":"ReadAction","target":["https:\/\/www.absolventenakademie.at\/index.php\/fit-in-studium-und-karriere-buchvorstellung-mit-mini-workshop\/"]}]},{"@type":"ImageObject","inLanguage":"de","@id":"https:\/\/www.absolventenakademie.at\/index.php\/fit-in-studium-und-karriere-buchvorstellung-mit-mini-workshop\/#primaryimage","url":"https:\/\/www.absolventenakademie.at\/wp-content\/uploads\/2017\/10\/333.jpg","contentUrl":"https:\/\/www.absolventenakademie.at\/wp-content\/uploads\/2017\/10\/333.jpg","width":821,"height":333},{"@type":"BreadcrumbList","@id":"https:\/\/www.absolventenakademie.at\/index.php\/fit-in-studium-und-karriere-buchvorstellung-mit-mini-workshop\/#breadcrumb","itemListElement":[{"@type":"ListItem","position":1,"name":"Home","item":"https:\/\/www.absolventenakademie.at\/"},{"@type":"ListItem","position":2,"name":"Selbstentfaltung ohne Optimierungszwang \u2013 Buchvorstellung mit Mini-Workshop"}]},{"@type":"WebSite","@id":"https:\/\/www.absolventenakademie.at\/#website","url":"https:\/\/www.absolventenakademie.at\/","name":"ABSOLVENTENAKADEMIE","description":"Pers\u00f6nlichkeitsentwicklung f\u00fcr Studierende und Hochschulabsolventen","potentialAction":[{"@type":"SearchAction","target":{"@type":"EntryPoint","urlTemplate":"https:\/\/www.absolventenakademie.at\/?s={search_term_string}"},"query-input":{"@type":"PropertyValueSpecification","valueRequired":true,"valueName":"search_term_string"}}],"inLanguage":"de"},{"@type":"Person","@id":"https:\/\/www.absolventenakademie.at\/#\/schema\/person\/1cabedea516b57a792d8606ae880e074","name":"Ren\u00e9 Merten","image":{"@type":"ImageObject","inLanguage":"de","@id":"https:\/\/secure.gravatar.com\/avatar\/ed266dba4e8ebd7a3c11ab14481f84079775aa25dd4cf33b1e4dfd5b470c033b?s=96&d=mm&r=g","url":"https:\/\/secure.gravatar.com\/avatar\/ed266dba4e8ebd7a3c11ab14481f84079775aa25dd4cf33b1e4dfd5b470c033b?s=96&d=mm&r=g","contentUrl":"https:\/\/secure.gravatar.com\/avatar\/ed266dba4e8ebd7a3c11ab14481f84079775aa25dd4cf33b1e4dfd5b470c033b?s=96&d=mm&r=g","caption":"Ren\u00e9 Merten"},"description":"Akademischer Leiter, gesch\u00e4ftsf\u00fchrender Inhaber und Trainer","url":"https:\/\/www.absolventenakademie.at\/index.php\/author\/rene\/"}]}},"_links":{"self":[{"href":"https:\/\/www.absolventenakademie.at\/index.php\/wp-json\/wp\/v2\/posts\/6915","targetHints":{"allow":["GET"]}}],"collection":[{"href":"https:\/\/www.absolventenakademie.at\/index.php\/wp-json\/wp\/v2\/posts"}],"about":[{"href":"https:\/\/www.absolventenakademie.at\/index.php\/wp-json\/wp\/v2\/types\/post"}],"author":[{"embeddable":true,"href":"https:\/\/www.absolventenakademie.at\/index.php\/wp-json\/wp\/v2\/users\/9"}],"replies":[{"embeddable":true,"href":"https:\/\/www.absolventenakademie.at\/index.php\/wp-json\/wp\/v2\/comments?post=6915"}],"version-history":[{"count":5,"href":"https:\/\/www.absolventenakademie.at\/index.php\/wp-json\/wp\/v2\/posts\/6915\/revisions"}],"predecessor-version":[{"id":6935,"href":"https:\/\/www.absolventenakademie.at\/index.php\/wp-json\/wp\/v2\/posts\/6915\/revisions\/6935"}],"wp:featuredmedia":[{"embeddable":true,"href":"https:\/\/www.absolventenakademie.at\/index.php\/wp-json\/wp\/v2\/media\/6921"}],"wp:attachment":[{"href":"https:\/\/www.absolventenakademie.at\/index.php\/wp-json\/wp\/v2\/media?parent=6915"}],"wp:term":[{"taxonomy":"category","embeddable":true,"href":"https:\/\/www.absolventenakademie.at\/index.php\/wp-json\/wp\/v2\/categories?post=6915"},{"taxonomy":"post_tag","embeddable":true,"href":"https:\/\/www.absolventenakademie.at\/index.php\/wp-json\/wp\/v2\/tags?post=6915"}],"curies":[{"name":"wp","href":"https:\/\/api.w.org\/{rel}","templated":true}]}}